{"id":6051,"date":"2025-10-13T08:34:55","date_gmt":"2025-10-13T11:34:55","guid":{"rendered":"https:\/\/diariodepernambuco.audiencelabs.com.br\/?p=6051"},"modified":"2025-10-13T08:34:58","modified_gmt":"2025-10-13T11:34:58","slug":"fortuna-de-daniel-alves-apos-prisao-foi-revelada","status":"publish","type":"post","link":"https:\/\/diariodepernambuco.audiencelabs.com.br\/fortuna-de-daniel-alves-apos-prisao-foi-revelada\/","title":{"rendered":"Fortuna de Daniel Alves ap\u00f3s pris\u00e3o foi revelada"},"content":{"rendered":"\n<p>A situa\u00e7\u00e3o financeira de Daniel Alves voltou aos holofotes ap\u00f3s sua pris\u00e3o. O ex-lateral, que acumulou grande fortuna atuando por clubes como Barcelona, Juventus e PSG, teve seu patrim\u00f4nio colocado em xeque. Com a repercuss\u00e3o do caso, novos detalhes sobre sua fortuna vieram \u00e0 tona em janeiro deste ano.<\/p>\n\n\n\n<p>De acordo com informa\u00e7\u00f5es do portal Terra, Daniel Alves teve uma queda significativa em seu patrim\u00f4nio durante o per\u00edodo em que permaneceu em pris\u00e3o preventiva em Barcelona. O ex-jogador foi acusado por uma jovem espanhola de ter cometido abuso sexual em uma boate da cidade na noite de 31 de dezembro de 2022 \u2014 ato classificado pelo Estado espanhol como \u201cagress\u00e3o sexual\u201d.<\/p>\n\n\n\n<p>A defesa de Daniel Alves apresentou um pedido de absolvi\u00e7\u00e3o, alegando \u201cinconsist\u00eancias e contradi\u00e7\u00f5es\u201d na condena\u00e7\u00e3o original. O Tribunal Superior da Catalunha aceitou o recurso e, desde mar\u00e7o deste ano, o ex-jogador n\u00e3o possui mais acusa\u00e7\u00f5es ativas contra si, al\u00e9m de ter recuperado seus passaportes, podendo assim deixar a Espanha.<\/p>\n\n\n<div class=\"wp-block-image\">\n<figure class=\"aligncenter size-full is-resized\"><img loading=\"lazy\" decoding=\"async\" width=\"984\" height=\"733\" src=\"https:\/\/diariodepernambuco.audiencelabs.com.br\/wp-content\/uploads\/2025\/10\/Daniel-Alves.avif\" alt=\"\" class=\"wp-image-6052\" style=\"width:730px;height:auto\" srcset=\"https:\/\/diariodepernambuco.audiencelabs.com.br\/wp-content\/uploads\/2025\/10\/Daniel-Alves.avif 984w, https:\/\/diariodepernambuco.audiencelabs.com.br\/wp-content\/uploads\/2025\/10\/Daniel-Alves-300x223.avif 300w, https:\/\/diariodepernambuco.audiencelabs.com.br\/wp-content\/uploads\/2025\/10\/Daniel-Alves-768x572.avif 768w, https:\/\/diariodepernambuco.audiencelabs.com.br\/wp-content\/uploads\/2025\/10\/Daniel-Alves-750x559.avif 750w\" sizes=\"auto, (max-width: 984px) 100vw, 984px\" \/><figcaption class=\"wp-element-caption\">Daniel Alves deixa a pris\u00e3o ao lado da advogada In\u00e9s Guardiola \u2014 Foto: Nacho Doce\/Reuters<\/figcaption><\/figure>\n<\/div>\n\n\n<p>Durante os 14 meses em que esteve preso, Daniel Alves enfrentou dificuldades financeiras. O clube mexicano Pumas suspendeu o pagamento de cerca de R$ 36 milh\u00f5es em sal\u00e1rios durante o per\u00edodo de investiga\u00e7\u00e3o e ainda pediu indeniza\u00e7\u00e3o por quebra contratual, incluindo perdas em direitos de imagem, publicidade e um contrato com a Adidas.<\/p>\n\n\n\n<p>A defesa de Daniel Alves utilizou a perda financeira do jogador como argumento em sua defesa na Justi\u00e7a, afirmando que sua situa\u00e7\u00e3o econ\u00f4mica era \u201cbastante preocupante\u201d e que ele n\u00e3o possu\u00eda mais \u201cfor\u00e7a econ\u00f4mica\u201d. Estimativas da imprensa apontam que seu patrim\u00f4nio, por\u00e9m, est\u00e1 em torno de 55 milh\u00f5es de euros, equivalentes a aproximadamente R$ 290\u2011300 milh\u00f5es.<\/p>\n","protected":false},"excerpt":{"rendered":"<p>A situa\u00e7\u00e3o financeira de Daniel Alves voltou aos holofotes ap\u00f3s sua pris\u00e3o. O ex-lateral, que acumulou grande fortuna atuando por clubes como Barcelona, Juventus e PSG, teve seu patrim\u00f4nio colocado em xeque. Com a repercuss\u00e3o do caso, novos detalhes sobre sua fortuna vieram \u00e0 tona em janeiro deste ano. De acordo com informa\u00e7\u00f5es do portal [&hellip;]<\/p>\n","protected":false},"author":4,"featured_media":6053,"comment_status":"open","ping_status":"open","sticky":false,"template":"","format":"standard","meta":{"jnews-multi-image_gallery":[],"jnews_single_post":{"format":"standard"},"jnews_primary_category":[],"jnews_social_meta":[],"jnews_post_split":[],"footnotes":""},"categories":[1],"tags":[],"class_list":["post-6051","post","type-post","status-publish","format-standard","has-post-thumbnail","hentry","category-uncategorized"],"_links":{"self":[{"href":"https:\/\/diariodepernambuco.audiencelabs.com.br\/wp-json\/wp\/v2\/posts\/6051","targetHints":{"allow":["GET"]}}],"collection":[{"href":"https:\/\/diariodepernambuco.audiencelabs.com.br\/wp-json\/wp\/v2\/posts"}],"about":[{"href":"https:\/\/diariodepernambuco.audiencelabs.com.br\/wp-json\/wp\/v2\/types\/post"}],"author":[{"embeddable":true,"href":"https:\/\/diariodepernambuco.audiencelabs.com.br\/wp-json\/wp\/v2\/users\/4"}],"replies":[{"embeddable":true,"href":"https:\/\/diariodepernambuco.audiencelabs.com.br\/wp-json\/wp\/v2\/comments?post=6051"}],"version-history":[{"count":1,"href":"https:\/\/diariodepernambuco.audiencelabs.com.br\/wp-json\/wp\/v2\/posts\/6051\/revisions"}],"predecessor-version":[{"id":6054,"href":"https:\/\/diariodepernambuco.audiencelabs.com.br\/wp-json\/wp\/v2\/posts\/6051\/revisions\/6054"}],"wp:featuredmedia":[{"embeddable":true,"href":"https:\/\/diariodepernambuco.audiencelabs.com.br\/wp-json\/wp\/v2\/media\/6053"}],"wp:attachment":[{"href":"https:\/\/diariodepernambuco.audiencelabs.com.br\/wp-json\/wp\/v2\/media?parent=6051"}],"wp:term":[{"taxonomy":"category","embeddable":true,"href":"https:\/\/diariodepernambuco.audiencelabs.com.br\/wp-json\/wp\/v2\/categories?post=6051"},{"taxonomy":"post_tag","embeddable":true,"href":"https:\/\/diariodepernambuco.audiencelabs.com.br\/wp-json\/wp\/v2\/tags?post=6051"}],"curies":[{"name":"wp","href":"https:\/\/api.w.org\/{rel}","templated":true}]}}