{"id":6066,"date":"2025-10-13T10:25:01","date_gmt":"2025-10-13T13:25:01","guid":{"rendered":"https:\/\/diariodepernambuco.audiencelabs.com.br\/?p=6066"},"modified":"2025-10-13T10:25:48","modified_gmt":"2025-10-13T13:25:48","slug":"confirmado-nao-preciso-mais-fazer-a-prova-para-tirar-a-carteira-de-motorista","status":"publish","type":"post","link":"https:\/\/diariodepernambuco.audiencelabs.com.br\/confirmado-nao-preciso-mais-fazer-a-prova-para-tirar-a-carteira-de-motorista\/","title":{"rendered":"Confirmado! N\u00e3o preciso mais fazer a prova para tirar a carteira de motorista?"},"content":{"rendered":"\n<p>Uma proposta do Minist\u00e9rio dos Transportes est\u00e1 gerando grande repercuss\u00e3o entre os futuros motoristas brasileiros. <a href=\"https:\/\/diariodepernambuco.com.br\/dpmais\/fim-da-autoescola-confira-o-novo-regime-para-tirar-cnh\/\" data-type=\"link\" data-id=\"https:\/\/diariodepernambuco.com.br\/dpmais\/fim-da-autoescola-confira-o-novo-regime-para-tirar-cnh\/\" target=\"_blank\" rel=\"noopener\">O governo estuda eliminar a obrigatoriedade das aulas em autoescolas para quem deseja tirar a Carteira Nacional de Habilita\u00e7\u00e3o (CNH)<\/a>, permitindo que o processo seja mais flex\u00edvel e acess\u00edvel.<\/p>\n\n\n\n<p>A medida levanta d\u00favidas e expectativas \u2014 afinal, ser\u00e1 que isso significa que n\u00e3o ser\u00e1 mais preciso fazer prova para conseguir a habilita\u00e7\u00e3o? A resposta \u00e9 n\u00e3o. Mesmo com a mudan\u00e7a em discuss\u00e3o, as provas te\u00f3rica e pr\u00e1tica continuar\u00e3o obrigat\u00f3rias para todos os candidatos \u00e0 CNH.<\/p>\n\n\n\n<p>O que o Minist\u00e9rio dos Transportes prop\u00f5e \u00e9 que o cidad\u00e3o possa escolher onde e como se preparar para esses exames, sem a necessidade de frequentar uma autoescola. Assim, quem preferir estudar por conta pr\u00f3pria \u2014 com materiais online, aulas particulares ou simuladores \u2014 poder\u00e1 faz\u00ea-lo, reduzindo custos e burocracias no processo de habilita\u00e7\u00e3o.<\/p>\n\n\n\n<p>A proposta ainda est\u00e1 em fase de an\u00e1lise e deve passar por consultas p\u00fablicas antes de ser implementada. Caso seja aprovada, representar\u00e1 uma das maiores mudan\u00e7as na forma\u00e7\u00e3o de condutores no Brasil, ampliando a liberdade do candidato, mas mantendo as exig\u00eancias para garantir a seguran\u00e7a no tr\u00e2nsito.<\/p>\n\n\n\n<h2 class=\"wp-block-heading\">A proposta do Minist\u00e9rio dos Transportes sobre a CNH<\/h2>\n\n\n\n<ul class=\"wp-block-list\">\n<li>O governo estuda acabar com a obrigatoriedade das aulas em autoescolas para quem quer tirar a Carteira Nacional de Habilita\u00e7\u00e3o (CNH).<\/li>\n<\/ul>\n\n\n\n<ul class=\"wp-block-list\">\n<li>As provas te\u00f3rica e pr\u00e1tica continuam obrigat\u00f3rias \u2014 todos os candidatos ainda precisar\u00e3o ser aprovados para obter a licen\u00e7a.<\/li>\n<\/ul>\n\n\n\n<ul class=\"wp-block-list\">\n<li>O objetivo \u00e9 tornar o processo mais acess\u00edvel e menos burocr\u00e1tico, reduzindo custos para o cidad\u00e3o.<\/li>\n<\/ul>\n\n\n\n<ul class=\"wp-block-list\">\n<li>O candidato poder\u00e1 estudar por conta pr\u00f3pria ou contratar instrutores particulares credenciados, em vez de frequentar uma autoescola.<\/li>\n<\/ul>\n\n\n\n<ul class=\"wp-block-list\">\n<li>A proposta est\u00e1 em fase de an\u00e1lise e consulta p\u00fablica, e ainda n\u00e3o h\u00e1 data confirmada para implementa\u00e7\u00e3o.<\/li>\n<\/ul>\n\n\n\n<ul class=\"wp-block-list\">\n<li>A mudan\u00e7a busca modernizar a forma\u00e7\u00e3o de condutores, sem comprometer os crit\u00e9rios de seguran\u00e7a no tr\u00e2nsito.<\/li>\n<\/ul>\n\n\n\n<p><\/p>\n","protected":false},"excerpt":{"rendered":"<p>Uma proposta do Minist\u00e9rio dos Transportes est\u00e1 gerando grande repercuss\u00e3o entre os futuros motoristas brasileiros. O governo estuda eliminar a obrigatoriedade das aulas em autoescolas para quem deseja tirar a Carteira Nacional de Habilita\u00e7\u00e3o (CNH), permitindo que o processo seja mais flex\u00edvel e acess\u00edvel. A medida levanta d\u00favidas e expectativas \u2014 afinal, ser\u00e1 que isso [&hellip;]<\/p>\n","protected":false},"author":4,"featured_media":766,"comment_status":"open","ping_status":"open","sticky":false,"template":"","format":"standard","meta":{"jnews-multi-image_gallery":[],"jnews_single_post":{"format":"standard"},"jnews_primary_category":[],"jnews_social_meta":[],"jnews_post_split":[],"footnotes":""},"categories":[1],"tags":[],"class_list":["post-6066","post","type-post","status-publish","format-standard","has-post-thumbnail","hentry","category-uncategorized"],"_links":{"self":[{"href":"https:\/\/diariodepernambuco.audiencelabs.com.br\/wp-json\/wp\/v2\/posts\/6066","targetHints":{"allow":["GET"]}}],"collection":[{"href":"https:\/\/diariodepernambuco.audiencelabs.com.br\/wp-json\/wp\/v2\/posts"}],"about":[{"href":"https:\/\/diariodepernambuco.audiencelabs.com.br\/wp-json\/wp\/v2\/types\/post"}],"author":[{"embeddable":true,"href":"https:\/\/diariodepernambuco.audiencelabs.com.br\/wp-json\/wp\/v2\/users\/4"}],"replies":[{"embeddable":true,"href":"https:\/\/diariodepernambuco.audiencelabs.com.br\/wp-json\/wp\/v2\/comments?post=6066"}],"version-history":[{"count":2,"href":"https:\/\/diariodepernambuco.audiencelabs.com.br\/wp-json\/wp\/v2\/posts\/6066\/revisions"}],"predecessor-version":[{"id":6068,"href":"https:\/\/diariodepernambuco.audiencelabs.com.br\/wp-json\/wp\/v2\/posts\/6066\/revisions\/6068"}],"wp:featuredmedia":[{"embeddable":true,"href":"https:\/\/diariodepernambuco.audiencelabs.com.br\/wp-json\/wp\/v2\/media\/766"}],"wp:attachment":[{"href":"https:\/\/diariodepernambuco.audiencelabs.com.br\/wp-json\/wp\/v2\/media?parent=6066"}],"wp:term":[{"taxonomy":"category","embeddable":true,"href":"https:\/\/diariodepernambuco.audiencelabs.com.br\/wp-json\/wp\/v2\/categories?post=6066"},{"taxonomy":"post_tag","embeddable":true,"href":"https:\/\/diariodepernambuco.audiencelabs.com.br\/wp-json\/wp\/v2\/tags?post=6066"}],"curies":[{"name":"wp","href":"https:\/\/api.w.org\/{rel}","templated":true}]}}