{"id":6069,"date":"2025-10-14T11:30:00","date_gmt":"2025-10-14T14:30:00","guid":{"rendered":"https:\/\/diariodepernambuco.audiencelabs.com.br\/?p=6069"},"modified":"2025-10-13T10:34:20","modified_gmt":"2025-10-13T13:34:20","slug":"uber-confirma-novas-regras-para-dirigir-nas-categorias-black-e-comfort","status":"publish","type":"post","link":"https:\/\/diariodepernambuco.audiencelabs.com.br\/uber-confirma-novas-regras-para-dirigir-nas-categorias-black-e-comfort\/","title":{"rendered":"Uber confirma novas regras para dirigir nas categorias Black e Comfort"},"content":{"rendered":"\n<p>A Uber anunciou novas regras para motoristas que desejam atuar nas categorias Black e Comfort, as modalidades premium do aplicativo. As mudan\u00e7as visam aprimorar a experi\u00eancia dos usu\u00e1rios e manter um padr\u00e3o mais elevado de qualidade e conforto nas viagens. A partir de 2026, motoristas de diversas cidades brasileiras ter\u00e3o que se adaptar a novas regras.<\/p>\n\n\n\n<p>As altera\u00e7\u00f5es abrangem tanto a idade m\u00ednima dos ve\u00edculos quanto os modelos permitidos, afetando motoristas que dependem desses carros para complementar a renda. De acordo com a Uber, a atualiza\u00e7\u00e3o das categorias premium foi definida com base em pesquisas com usu\u00e1rios e an\u00e1lises do mercado automotivo.<\/p>\n\n\n\n<p>&#8220;Os ve\u00edculos da nova lista foram determinados com base em aspectos apontados pelos usu\u00e1rios como importantes para a decis\u00e3o na hora de pedir viagens nas categorias Comfort e Black&#8221;, disse a empresa em comunicado oficial.<\/p>\n\n\n\n<p>Para a categoria Uber Black, os requisitos variam de acordo com a cidade, incluindo o ano m\u00ednimo de fabrica\u00e7\u00e3o e caracter\u00edsticas espec\u00edficas dos ve\u00edculos. Em Salvador, por exemplo, s\u00e3o aceitos carros fabricados a partir de 2026 (Virtus), 2023 (Duster, Nivus e City) e 2018 (demais modelos).<\/p>\n\n\n\n<p>Os ve\u00edculos tamb\u00e9m devem ter quatro portas, ar-condicionado e cores como preto, chumbo, prata, cinza, azul-marinho, marrom ou branco. J\u00e1 os motoristas precisam ter mais de 100 corridas na plataforma (exceto Moto, Envios e T\u00e1xi) e manter uma m\u00e9dia m\u00ednima de avalia\u00e7\u00e3o de 4,85.<\/p>\n\n\n\n<h2 class=\"wp-block-heading\">Ve\u00edculos que deixar\u00e3o de ser aceitos<\/h2>\n\n\n\n<ul class=\"wp-block-list\">\n<li>Renault Kardian<\/li>\n\n\n\n<li>Citro\u00ebn Basalt<\/li>\n\n\n\n<li>Chery Tiggo 3X<\/li>\n\n\n\n<li>Chery Tiggo 3<\/li>\n\n\n\n<li>Peugeot e-2008<\/li>\n\n\n\n<li>Hyundai Kona Hybrid<\/li>\n\n\n\n<li>JAC J3 Turin \/ J3 iEV 40<\/li>\n<\/ul>\n\n\n\n<p>Essas mudan\u00e7as refletem a busca da Uber por oferecer um servi\u00e7o mais alinhado \u00e0s expectativas dos usu\u00e1rios, priorizando ve\u00edculos com caracter\u00edsticas espec\u00edficas que atendem melhor \u00e0s demandas das categorias premium. Para verificar se o seu ve\u00edculo est\u00e1 dentro dos crit\u00e9rios atualizados ou para obter mais informa\u00e7\u00f5es, acesse a p\u00e1gina oficial da Uber: <a href=\"https:\/\/www.uber.com\/br\/pt-br\/drive\/requirements\/vehicle-requirements\/?utm_source=chatgpt.com\" data-type=\"link\" data-id=\"https:\/\/www.uber.com\/br\/pt-br\/drive\/requirements\/vehicle-requirements\/?utm_source=chatgpt.com\" target=\"_blank\" rel=\"noopener\">Requisitos de ve\u00edculos<\/a>.<\/p>\n\n\n\n<p><\/p>\n","protected":false},"excerpt":{"rendered":"<p>A Uber anunciou novas regras para motoristas que desejam atuar nas categorias Black e Comfort, as modalidades premium do aplicativo. As mudan\u00e7as visam aprimorar a experi\u00eancia dos usu\u00e1rios e manter um padr\u00e3o mais elevado de qualidade e conforto nas viagens. A partir de 2026, motoristas de diversas cidades brasileiras ter\u00e3o que se adaptar a novas [&hellip;]<\/p>\n","protected":false},"author":4,"featured_media":857,"comment_status":"open","ping_status":"open","sticky":false,"template":"","format":"standard","meta":{"jnews-multi-image_gallery":[],"jnews_single_post":{"format":"standard"},"jnews_primary_category":[],"jnews_social_meta":[],"jnews_post_split":[],"footnotes":""},"categories":[1],"tags":[],"class_list":["post-6069","post","type-post","status-publish","format-standard","has-post-thumbnail","hentry","category-uncategorized"],"_links":{"self":[{"href":"https:\/\/diariodepernambuco.audiencelabs.com.br\/wp-json\/wp\/v2\/posts\/6069","targetHints":{"allow":["GET"]}}],"collection":[{"href":"https:\/\/diariodepernambuco.audiencelabs.com.br\/wp-json\/wp\/v2\/posts"}],"about":[{"href":"https:\/\/diariodepernambuco.audiencelabs.com.br\/wp-json\/wp\/v2\/types\/post"}],"author":[{"embeddable":true,"href":"https:\/\/diariodepernambuco.audiencelabs.com.br\/wp-json\/wp\/v2\/users\/4"}],"replies":[{"embeddable":true,"href":"https:\/\/diariodepernambuco.audiencelabs.com.br\/wp-json\/wp\/v2\/comments?post=6069"}],"version-history":[{"count":2,"href":"https:\/\/diariodepernambuco.audiencelabs.com.br\/wp-json\/wp\/v2\/posts\/6069\/revisions"}],"predecessor-version":[{"id":6074,"href":"https:\/\/diariodepernambuco.audiencelabs.com.br\/wp-json\/wp\/v2\/posts\/6069\/revisions\/6074"}],"wp:featuredmedia":[{"embeddable":true,"href":"https:\/\/diariodepernambuco.audiencelabs.com.br\/wp-json\/wp\/v2\/media\/857"}],"wp:attachment":[{"href":"https:\/\/diariodepernambuco.audiencelabs.com.br\/wp-json\/wp\/v2\/media?parent=6069"}],"wp:term":[{"taxonomy":"category","embeddable":true,"href":"https:\/\/diariodepernambuco.audiencelabs.com.br\/wp-json\/wp\/v2\/categories?post=6069"},{"taxonomy":"post_tag","embeddable":true,"href":"https:\/\/diariodepernambuco.audiencelabs.com.br\/wp-json\/wp\/v2\/tags?post=6069"}],"curies":[{"name":"wp","href":"https:\/\/api.w.org\/{rel}","templated":true}]}}