{"id":6083,"date":"2025-10-14T15:30:00","date_gmt":"2025-10-14T18:30:00","guid":{"rendered":"https:\/\/diariodepernambuco.audiencelabs.com.br\/?p=6083"},"modified":"2025-10-13T12:28:35","modified_gmt":"2025-10-13T15:28:35","slug":"padre-debochou-de-morte-e-foi-denunciado-por-direitos-morais","status":"publish","type":"post","link":"https:\/\/diariodepernambuco.audiencelabs.com.br\/padre-debochou-de-morte-e-foi-denunciado-por-direitos-morais\/","title":{"rendered":"Padre debochou de morte e foi denunciado por direitos morais"},"content":{"rendered":"\n<p>De acordo com a coluna de Lauro Jardim, do jornal O Globo, a fam\u00edlia de Preta Gil acionou o padre Danilo C\u00e9sar, da Par\u00f3quia S\u00e3o Jos\u00e9 em Campina Grande (PB), na Justi\u00e7a do Rio de Janeiro, solicitando indeniza\u00e7\u00e3o de R$ 370 mil por danos morais. O processo acusa o sacerdote de racismo religioso e intoler\u00e2ncia, em raz\u00e3o de coment\u00e1rios feitos durante uma homilia transmitida ao vivo.<\/p>\n\n\n\n<p>Segundo a fam\u00edlia, dias ap\u00f3s a morte da cantora, em julho, o padre se referiu \u00e0s religi\u00f5es afro-brasileiras como \u201cfor\u00e7as ocultas\u201d e fez provoca\u00e7\u00f5es em rela\u00e7\u00e3o \u00e0 f\u00e9 de Preta Gil e de seu pai, Gilberto Gil, insinuando que os orix\u00e1s n\u00e3o seriam capazes de \u201cressuscit\u00e1-la\u201d.<\/p>\n\n\n\n<p>Entre os autores da a\u00e7\u00e3o est\u00e3o Gilberto Gil, sua esposa Flora, os irm\u00e3os de Preta (Nara, Mar\u00edlia, Bela, Maria, Bem e Jos\u00e9) e o filho da cantora, Francisco. Segundo eles, as declara\u00e7\u00f5es do padre excederam os limites da liberdade de express\u00e3o, causando profundo dano \u00e0 mem\u00f3ria e \u00e0 religiosidade da artista.<\/p>\n\n\n\n<p>A a\u00e7\u00e3o de indeniza\u00e7\u00e3o afirma que \u201ca homilia foi compartilhada nas redes sociais, gerando coment\u00e1rios de terceiros e uma onda de racismo e intoler\u00e2ncia religiosa\u201d. Uma notifica\u00e7\u00e3o extrajudicial havia sido enviada \u00e0 Diocese de Campina Grande pedindo retrata\u00e7\u00e3o e puni\u00e7\u00e3o ao padre Danilo C\u00e9sar, mas foi ignorada.<\/p>\n\n\n\n<h2 class=\"wp-block-heading\">O que o padre disse durante a missa?<\/h2>\n\n\n\n<p>Durante uma missa realizada em Areial, no interior da Para\u00edba, no domingo (27), o padre Danilo C\u00e9sar proferia uma homilia referente ao 17\u00ba Domingo do Tempo Comum, per\u00edodo lit\u00fargico da Igreja Cat\u00f3lica.<\/p>\n\n\n\n<p>Na prega\u00e7\u00e3o, ele abordava pedidos feitos pelos fi\u00e9is a Deus que nem sempre seriam atendidos. Nesse contexto, o padre mencionou a morte da cantora Preta Gil, nos Estados Unidos, v\u00edtima de c\u00e2ncer colorretal, relacionando a f\u00e9 dela em religi\u00f5es de matriz afro-ind\u00edgena \u00e0 morte e ao sofrimento.<\/p>\n\n\n\n<p>\u201cEu pe\u00e7o sa\u00fade, mas n\u00e3o alcan\u00e7o sa\u00fade, \u00e9 porque Deus sabe o que faz, ele sabe o que \u00e9 melhor para voc\u00ea, que a morte \u00e9 melhor para voc\u00ea. Como \u00e9 o nome do pai de Preta Gil? Gilberto Gil fez uma ora\u00e7\u00e3o aos orix\u00e1s, cad\u00ea esses orix\u00e1s que n\u00e3o ressuscitaram Preta Gil? J\u00e1 enterraram?&#8221;, disse.<\/p>\n\n\n\n<p><\/p>\n","protected":false},"excerpt":{"rendered":"<p>De acordo com a coluna de Lauro Jardim, do jornal O Globo, a fam\u00edlia de Preta Gil acionou o padre Danilo C\u00e9sar, da Par\u00f3quia S\u00e3o Jos\u00e9 em Campina Grande (PB), na Justi\u00e7a do Rio de Janeiro, solicitando indeniza\u00e7\u00e3o de R$ 370 mil por danos morais. O processo acusa o sacerdote de racismo religioso e intoler\u00e2ncia, [&hellip;]<\/p>\n","protected":false},"author":4,"featured_media":6085,"comment_status":"open","ping_status":"open","sticky":false,"template":"","format":"standard","meta":{"jnews-multi-image_gallery":[],"jnews_single_post":{"format":"standard"},"jnews_primary_category":[],"jnews_social_meta":[],"jnews_post_split":[],"footnotes":""},"categories":[1],"tags":[],"class_list":["post-6083","post","type-post","status-publish","format-standard","has-post-thumbnail","hentry","category-uncategorized"],"_links":{"self":[{"href":"https:\/\/diariodepernambuco.audiencelabs.com.br\/wp-json\/wp\/v2\/posts\/6083","targetHints":{"allow":["GET"]}}],"collection":[{"href":"https:\/\/diariodepernambuco.audiencelabs.com.br\/wp-json\/wp\/v2\/posts"}],"about":[{"href":"https:\/\/diariodepernambuco.audiencelabs.com.br\/wp-json\/wp\/v2\/types\/post"}],"author":[{"embeddable":true,"href":"https:\/\/diariodepernambuco.audiencelabs.com.br\/wp-json\/wp\/v2\/users\/4"}],"replies":[{"embeddable":true,"href":"https:\/\/diariodepernambuco.audiencelabs.com.br\/wp-json\/wp\/v2\/comments?post=6083"}],"version-history":[{"count":2,"href":"https:\/\/diariodepernambuco.audiencelabs.com.br\/wp-json\/wp\/v2\/posts\/6083\/revisions"}],"predecessor-version":[{"id":6087,"href":"https:\/\/diariodepernambuco.audiencelabs.com.br\/wp-json\/wp\/v2\/posts\/6083\/revisions\/6087"}],"wp:featuredmedia":[{"embeddable":true,"href":"https:\/\/diariodepernambuco.audiencelabs.com.br\/wp-json\/wp\/v2\/media\/6085"}],"wp:attachment":[{"href":"https:\/\/diariodepernambuco.audiencelabs.com.br\/wp-json\/wp\/v2\/media?parent=6083"}],"wp:term":[{"taxonomy":"category","embeddable":true,"href":"https:\/\/diariodepernambuco.audiencelabs.com.br\/wp-json\/wp\/v2\/categories?post=6083"},{"taxonomy":"post_tag","embeddable":true,"href":"https:\/\/diariodepernambuco.audiencelabs.com.br\/wp-json\/wp\/v2\/tags?post=6083"}],"curies":[{"name":"wp","href":"https:\/\/api.w.org\/{rel}","templated":true}]}}