{"id":6093,"date":"2025-10-14T17:30:00","date_gmt":"2025-10-14T20:30:00","guid":{"rendered":"https:\/\/diariodepernambuco.audiencelabs.com.br\/?p=6093"},"modified":"2025-10-13T13:52:52","modified_gmt":"2025-10-13T16:52:52","slug":"saida-do-pais-carrefour-esta-planejando-retirada-de-varias-lojas","status":"publish","type":"post","link":"https:\/\/diariodepernambuco.audiencelabs.com.br\/saida-do-pais-carrefour-esta-planejando-retirada-de-varias-lojas\/","title":{"rendered":"Sa\u00edda do pa\u00eds? Carrefour est\u00e1 planejando retirada de v\u00e1rias lojas"},"content":{"rendered":"\n<p>O grupo Carrefour deu in\u00edcio a uma das mudan\u00e7as mais significativas de sua hist\u00f3ria recente: a venda de cerca de 650 a 700 lojas na Argentina, o que pode representar o fim de mais de quarenta anos de presen\u00e7a no pa\u00eds vizinho. A decis\u00e3o integra um plano global de reestrutura\u00e7\u00e3o, que tem como objetivo concentrar os investimentos em mercados mais est\u00e1veis como Brasil, Fran\u00e7a e Espanha.<\/p>\n\n\n\n<p>A decis\u00e3o ocorre em meio \u00e0 instabilidade econ\u00f4mica da Argentina, que tem afetado o setor varejista. As lojas seguem operando normalmente, mas o an\u00fancio do comprador deve ocorrer at\u00e9 outubro de 2025. O Deutsche Bank conduz o processo de venda, com ofertas estimadas entre US$ 800 milh\u00f5es e US$ 1,5 bilh\u00e3o, segundo fontes ligadas \u00e0 opera\u00e7\u00e3o.<\/p>\n\n\n\n<p>A venda das opera\u00e7\u00f5es do Carrefour na Argentina despertou o interesse de grandes nomes do varejo e do setor financeiro. Entre os principais est\u00e3o o Grupo Coto, com forte presen\u00e7a no mercado argentino, e o empres\u00e1rio Francisco De Narv\u00e1ez, dono do Grupo GDN, respons\u00e1vel pela antiga rede Walmart Argentina, hoje operando como Hiper Changom\u00e1s.<\/p>\n\n\n\n<p>Al\u00e9m dos grupos locais, fundos internacionais tamb\u00e9m avaliam o neg\u00f3cio, especialmente aqueles voltados \u00e0 reestrutura\u00e7\u00e3o de ativos e recupera\u00e7\u00e3o de empresas de varejo em mercados emergentes. A transa\u00e7\u00e3o pode resultar tanto em uma venda total quanto em parcerias estrat\u00e9gicas, abrindo espa\u00e7o para que o Carrefour adote um modelo h\u00edbrido de sa\u00edda do pa\u00eds.<\/p>\n\n\n\n<h2 class=\"wp-block-heading\">Os n\u00fameros do Carrefour no Brasil<\/h2>\n\n\n\n<ul class=\"wp-block-list\">\n<li>O Carrefour \u00e9 uma das maiores redes de varejo do pa\u00eds, com presen\u00e7a em mais de 400 cidades.<\/li>\n<\/ul>\n\n\n\n<ul class=\"wp-block-list\">\n<li>Possui aproximadamente 670 lojas, incluindo hipermercados, supermercados e lojas de bairro (Carrefour Market e Carrefour Bairro).<\/li>\n<\/ul>\n\n\n\n<ul class=\"wp-block-list\">\n<li>A empresa emprega mais de 100 mil colaboradores no pa\u00eds.<\/li>\n<\/ul>\n\n\n\n<ul class=\"wp-block-list\">\n<li>O faturamento anual do grupo no Brasil gira em torno de R$ 65 bilh\u00f5es a R$ 70 bilh\u00f5es, tornando o pa\u00eds um dos mais importantes mercados da companhia fora da Fran\u00e7a.<\/li>\n<\/ul>\n\n\n\n<ul class=\"wp-block-list\">\n<li>Al\u00e9m das lojas f\u00edsicas, o Carrefour investe fortemente em e-commerce e servi\u00e7os digitais, incluindo entrega de supermercado online e aplicativos de compras.<\/li>\n<\/ul>\n\n\n\n<p><\/p>\n","protected":false},"excerpt":{"rendered":"<p>O grupo Carrefour deu in\u00edcio a uma das mudan\u00e7as mais significativas de sua hist\u00f3ria recente: a venda de cerca de 650 a 700 lojas na Argentina, o que pode representar o fim de mais de quarenta anos de presen\u00e7a no pa\u00eds vizinho. A decis\u00e3o integra um plano global de reestrutura\u00e7\u00e3o, que tem como objetivo concentrar [&hellip;]<\/p>\n","protected":false},"author":4,"featured_media":6095,"comment_status":"open","ping_status":"open","sticky":false,"template":"","format":"standard","meta":{"jnews-multi-image_gallery":[],"jnews_single_post":{"format":"standard"},"jnews_primary_category":[],"jnews_social_meta":[],"jnews_post_split":[],"footnotes":""},"categories":[1],"tags":[],"class_list":["post-6093","post","type-post","status-publish","format-standard","has-post-thumbnail","hentry","category-uncategorized"],"_links":{"self":[{"href":"https:\/\/diariodepernambuco.audiencelabs.com.br\/wp-json\/wp\/v2\/posts\/6093","targetHints":{"allow":["GET"]}}],"collection":[{"href":"https:\/\/diariodepernambuco.audiencelabs.com.br\/wp-json\/wp\/v2\/posts"}],"about":[{"href":"https:\/\/diariodepernambuco.audiencelabs.com.br\/wp-json\/wp\/v2\/types\/post"}],"author":[{"embeddable":true,"href":"https:\/\/diariodepernambuco.audiencelabs.com.br\/wp-json\/wp\/v2\/users\/4"}],"replies":[{"embeddable":true,"href":"https:\/\/diariodepernambuco.audiencelabs.com.br\/wp-json\/wp\/v2\/comments?post=6093"}],"version-history":[{"count":2,"href":"https:\/\/diariodepernambuco.audiencelabs.com.br\/wp-json\/wp\/v2\/posts\/6093\/revisions"}],"predecessor-version":[{"id":6096,"href":"https:\/\/diariodepernambuco.audiencelabs.com.br\/wp-json\/wp\/v2\/posts\/6093\/revisions\/6096"}],"wp:featuredmedia":[{"embeddable":true,"href":"https:\/\/diariodepernambuco.audiencelabs.com.br\/wp-json\/wp\/v2\/media\/6095"}],"wp:attachment":[{"href":"https:\/\/diariodepernambuco.audiencelabs.com.br\/wp-json\/wp\/v2\/media?parent=6093"}],"wp:term":[{"taxonomy":"category","embeddable":true,"href":"https:\/\/diariodepernambuco.audiencelabs.com.br\/wp-json\/wp\/v2\/categories?post=6093"},{"taxonomy":"post_tag","embeddable":true,"href":"https:\/\/diariodepernambuco.audiencelabs.com.br\/wp-json\/wp\/v2\/tags?post=6093"}],"curies":[{"name":"wp","href":"https:\/\/api.w.org\/{rel}","templated":true}]}}