{"id":6138,"date":"2025-10-18T13:15:00","date_gmt":"2025-10-18T16:15:00","guid":{"rendered":"https:\/\/diariodepernambuco.audiencelabs.com.br\/?p=6138"},"modified":"2025-10-17T13:35:15","modified_gmt":"2025-10-17T16:35:15","slug":"marcia-sensitiva-jogou-as-cartas-e-descobriu-algo-sobre-terceira-guerra-mundial","status":"publish","type":"post","link":"https:\/\/diariodepernambuco.audiencelabs.com.br\/marcia-sensitiva-jogou-as-cartas-e-descobriu-algo-sobre-terceira-guerra-mundial\/","title":{"rendered":"M\u00e1rcia Sensitiva jogou as cartas e descobriu algo sobre terceira guerra mundial"},"content":{"rendered":"\n<p>Com mais de 7 milh\u00f5es de seguidores nas redes sociais, M\u00e1rcia Sensitiva ganhou destaque por suas previs\u00f5es audaciosas, opini\u00f5es sem filtros e presen\u00e7a marcante no ambiente digital. Recentemente, a m\u00e9dium voltou a se manifestar sobre o cen\u00e1rio pol\u00edtico e internacional, prevendo tempos turbulentos, mas descartando a possibilidade de uma terceira guerra mundial.<\/p>\n\n\n\n<p>Em entrevista ao portal Metr\u00f3poles, M\u00e1rcia Sensitiva afirmou que o conflito entre Israel, Palestina e, mais recentemente, o Ir\u00e3 ainda tende a se intensificar: &#8220;O caldo vai engrossar, inclusive com os Estados Unidos&#8221;. Apesar da escalada das tens\u00f5es, M\u00e1rcia afirma categoricamente que uma terceira guerra mundial n\u00e3o ocorrer\u00e1.<\/p>\n\n\n\n<p>&#8220;N\u00e3o existe a menor chance, nem astrologicamente, nem numerologicamente e muito menos na vid\u00eancia. Am\u00e9m. Mas ainda vai ter muita encrenca&#8221;, encerrou. Ainda segundo M\u00e1rcia, embora n\u00e3o haja risco de um conflito global, o mundo deve enfrentar momentos de instabilidade e crises localizadas.<\/p>\n\n\n\n<p>A m\u00e9dium alerta para tens\u00f5es pol\u00edticas, econ\u00f4micas e sociais que podem impactar diferentes regi\u00f5es, ressaltando a import\u00e2ncia de prud\u00eancia e aten\u00e7\u00e3o \u00e0s decis\u00f5es dos l\u00edderes mundiais. Ela ainda destacou que, para enfrentar esses per\u00edodos, \u00e9 fundamental que as pessoas cultivem equil\u00edbrio emocional e solidariedade, buscando agir com cautela diante das turbul\u00eancias que se aproximam.<\/p>\n\n\n\n<h2 class=\"wp-block-heading\">M\u00e1rcia Sensitiva falou sobre reelei\u00e7\u00e3o de Lula<\/h2>\n\n\n\n<p>Em outro ponto da entrevista ao portal Metr\u00f3poles, M\u00e1rcia Sensitiva tamb\u00e9m falou da possibilidade de reelei\u00e7\u00e3o do presidente Lula: \u201cN\u00e3o vi chance de reelei\u00e7\u00e3o de Lula. Todo mundo brigou comigo porque eu vi que ele ia ser presidente&#8221;, lembra a vidente, que se diz apartid\u00e1ria.<\/p>\n\n\n\n<p>\u201cEu tinha visto que ele ia voltar a ser presidente. Agora, eu n\u00e3o vejo. A resposta \u00e9 n\u00e3o, como vidente. Tem que fazer o mapa [astral] dele. Ai seria legal\u201d, complementou. Atualmente, Lula lidera todos os cen\u00e1rios para as elei\u00e7\u00f5es de 2026.<\/p>\n","protected":false},"excerpt":{"rendered":"<p>Com mais de 7 milh\u00f5es de seguidores nas redes sociais, M\u00e1rcia Sensitiva ganhou destaque por suas previs\u00f5es audaciosas, opini\u00f5es sem filtros e presen\u00e7a marcante no ambiente digital. Recentemente, a m\u00e9dium voltou a se manifestar sobre o cen\u00e1rio pol\u00edtico e internacional, prevendo tempos turbulentos, mas descartando a possibilidade de uma terceira guerra mundial. Em entrevista ao [&hellip;]<\/p>\n","protected":false},"author":4,"featured_media":6153,"comment_status":"open","ping_status":"open","sticky":false,"template":"","format":"standard","meta":{"jnews-multi-image_gallery":[],"jnews_single_post":{"format":"standard"},"jnews_primary_category":[],"jnews_social_meta":[],"jnews_post_split":[],"footnotes":""},"categories":[1],"tags":[],"class_list":["post-6138","post","type-post","status-publish","format-standard","has-post-thumbnail","hentry","category-uncategorized"],"_links":{"self":[{"href":"https:\/\/diariodepernambuco.audiencelabs.com.br\/wp-json\/wp\/v2\/posts\/6138","targetHints":{"allow":["GET"]}}],"collection":[{"href":"https:\/\/diariodepernambuco.audiencelabs.com.br\/wp-json\/wp\/v2\/posts"}],"about":[{"href":"https:\/\/diariodepernambuco.audiencelabs.com.br\/wp-json\/wp\/v2\/types\/post"}],"author":[{"embeddable":true,"href":"https:\/\/diariodepernambuco.audiencelabs.com.br\/wp-json\/wp\/v2\/users\/4"}],"replies":[{"embeddable":true,"href":"https:\/\/diariodepernambuco.audiencelabs.com.br\/wp-json\/wp\/v2\/comments?post=6138"}],"version-history":[{"count":3,"href":"https:\/\/diariodepernambuco.audiencelabs.com.br\/wp-json\/wp\/v2\/posts\/6138\/revisions"}],"predecessor-version":[{"id":6154,"href":"https:\/\/diariodepernambuco.audiencelabs.com.br\/wp-json\/wp\/v2\/posts\/6138\/revisions\/6154"}],"wp:featuredmedia":[{"embeddable":true,"href":"https:\/\/diariodepernambuco.audiencelabs.com.br\/wp-json\/wp\/v2\/media\/6153"}],"wp:attachment":[{"href":"https:\/\/diariodepernambuco.audiencelabs.com.br\/wp-json\/wp\/v2\/media?parent=6138"}],"wp:term":[{"taxonomy":"category","embeddable":true,"href":"https:\/\/diariodepernambuco.audiencelabs.com.br\/wp-json\/wp\/v2\/categories?post=6138"},{"taxonomy":"post_tag","embeddable":true,"href":"https:\/\/diariodepernambuco.audiencelabs.com.br\/wp-json\/wp\/v2\/tags?post=6138"}],"curies":[{"name":"wp","href":"https:\/\/api.w.org\/{rel}","templated":true}]}}