{"id":6211,"date":"2025-10-14T13:55:37","date_gmt":"2025-10-14T16:55:37","guid":{"rendered":"https:\/\/diariodepernambuco.audiencelabs.com.br\/?p=6211"},"modified":"2025-10-14T13:55:39","modified_gmt":"2025-10-14T16:55:39","slug":"ancelotti-mal-chegou-na-selecao-e-fim-do-ciclo-foi-confirmado","status":"publish","type":"post","link":"https:\/\/diariodepernambuco.audiencelabs.com.br\/ancelotti-mal-chegou-na-selecao-e-fim-do-ciclo-foi-confirmado\/","title":{"rendered":"Ancelotti mal chegou na sele\u00e7\u00e3o e fim do ciclo foi confirmado"},"content":{"rendered":"\n<p>Fim do ciclo na Sele\u00e7\u00e3o Brasileira! Depois de 13 jogos de invencibilidade frente ao Jap\u00e3o desde o primeiro confronto contra os asi\u00e1ticos, em julho de 1989 a Sele\u00e7\u00e3o conheceu a sua primeira derrota no pouco tempo de trabalho do italiano Carlo Ancelotti. Atuando em T\u00f3quio, capital do Jap\u00e3o, o Brasil foi surpreendido pelos donos da casa.<\/p>\n\n\n\n<p>Ap\u00f3s encerrar o primeiro tempo liderando o placar por 2 a 0, com gols de Paulo Henrique e Gabriel Martinelli, o time comandado por Ancelotti viu os japoneses virarem o jogo com gols de Minamino, Nakamura e Ueda. At\u00e9 ent\u00e3o, o hist\u00f3rico do confronto apontava 11 vit\u00f3rias brasileiras e dois empates, ambos em duelos pela Copa das Confedera\u00e7\u00f5es.<\/p>\n\n\n\n<p>Em entrevista ap\u00f3s a partida, Ancelotti se disse incomodado com a derrota e cobrou mais equil\u00edbrio da Sele\u00e7\u00e3o. Ele ainda afirmou que \u00e9 preciso aprender com os erros cometidos na partida: &#8220;N\u00e3o est\u00e1 tudo bem, n\u00e3o. Quando a equipe perde, estamos incomodados, isso \u00e9 normal. Todo mundo est\u00e1 incomodado. N\u00e3o gosto de perder, nem os jogadores. Temos que aprender com essa derrota&#8221;.<\/p>\n\n\n\n<h2 class=\"wp-block-heading\">O hist\u00f3rico do confronto entre Brasil e Jap\u00e3o<\/h2>\n\n\n\n<ul class=\"wp-block-list\">\n<li>22\/07\/1989 &#8211; Brasil 1 x 0 Jap\u00e3o &#8211; Amistoso<\/li>\n\n\n\n<li>06\/06\/1996 &#8211; Jap\u00e3o 0 x 3 Brasil &#8211; Amistoso<\/li>\n\n\n\n<li>08\/08\/1995 &#8211; Jap\u00e3o 1 x 5 Brasil &#8211; Amistoso<\/li>\n\n\n\n<li>12\/08\/1997 &#8211; Jap\u00e3o 0 x 3 Brasil &#8211; Amistoso<\/li>\n\n\n\n<li>30\/03\/1999 &#8211; Jap\u00e3o 0 x 2 Brasil &#8211; Amistoso<\/li>\n\n\n\n<li>04\/06\/2001 &#8211; Brasil 0 x 0 Jap\u00e3o &#8211; Copa das Confedera\u00e7\u00f5es<\/li>\n\n\n\n<li>22\/06\/2005 &#8211; Jap\u00e3o 2 x 2 Brasil &#8211; Copa das Confedera\u00e7\u00f5es<\/li>\n\n\n\n<li>22\/06\/2006 &#8211; Jap\u00e3o 1 x 4 Brasil &#8211; Copa do Mundo<\/li>\n\n\n\n<li>15\/10\/2012 &#8211; Jap\u00e3o 0 x 4 Brasil &#8211; Amistoso<\/li>\n\n\n\n<li>15\/06\/2013 &#8211; Brasil 3 x 0 Jap\u00e3o &#8211; Copa das Confedera\u00e7\u00f5es<\/li>\n\n\n\n<li>14\/10\/2014 &#8211; Jap\u00e3o 0 x 4 Brasil &#8211; Amistoso<\/li>\n\n\n\n<li>10\/11\/2017 &#8211; Jap\u00e3o 1 x 3 Brasil &#8211; Amistoso<\/li>\n\n\n\n<li>06\/06\/2022 &#8211; Jap\u00e3o 0 x 1 Brasil &#8211; Amistoso<\/li>\n\n\n\n<li>14\/10\/2025 &#8211; Jap\u00e3o 3 x 2 Brasil &#8211; Amistoso<\/li>\n<\/ul>\n\n\n\n<p><\/p>\n","protected":false},"excerpt":{"rendered":"<p>Fim do ciclo na Sele\u00e7\u00e3o Brasileira! Depois de 13 jogos de invencibilidade frente ao Jap\u00e3o desde o primeiro confronto contra os asi\u00e1ticos, em julho de 1989 a Sele\u00e7\u00e3o conheceu a sua primeira derrota no pouco tempo de trabalho do italiano Carlo Ancelotti. Atuando em T\u00f3quio, capital do Jap\u00e3o, o Brasil foi surpreendido pelos donos da [&hellip;]<\/p>\n","protected":false},"author":4,"featured_media":6212,"comment_status":"open","ping_status":"open","sticky":false,"template":"","format":"standard","meta":{"jnews-multi-image_gallery":[],"jnews_single_post":{"format":"standard"},"jnews_primary_category":[],"jnews_social_meta":[],"jnews_post_split":[],"footnotes":""},"categories":[1],"tags":[],"class_list":["post-6211","post","type-post","status-publish","format-standard","has-post-thumbnail","hentry","category-uncategorized"],"_links":{"self":[{"href":"https:\/\/diariodepernambuco.audiencelabs.com.br\/wp-json\/wp\/v2\/posts\/6211","targetHints":{"allow":["GET"]}}],"collection":[{"href":"https:\/\/diariodepernambuco.audiencelabs.com.br\/wp-json\/wp\/v2\/posts"}],"about":[{"href":"https:\/\/diariodepernambuco.audiencelabs.com.br\/wp-json\/wp\/v2\/types\/post"}],"author":[{"embeddable":true,"href":"https:\/\/diariodepernambuco.audiencelabs.com.br\/wp-json\/wp\/v2\/users\/4"}],"replies":[{"embeddable":true,"href":"https:\/\/diariodepernambuco.audiencelabs.com.br\/wp-json\/wp\/v2\/comments?post=6211"}],"version-history":[{"count":1,"href":"https:\/\/diariodepernambuco.audiencelabs.com.br\/wp-json\/wp\/v2\/posts\/6211\/revisions"}],"predecessor-version":[{"id":6213,"href":"https:\/\/diariodepernambuco.audiencelabs.com.br\/wp-json\/wp\/v2\/posts\/6211\/revisions\/6213"}],"wp:featuredmedia":[{"embeddable":true,"href":"https:\/\/diariodepernambuco.audiencelabs.com.br\/wp-json\/wp\/v2\/media\/6212"}],"wp:attachment":[{"href":"https:\/\/diariodepernambuco.audiencelabs.com.br\/wp-json\/wp\/v2\/media?parent=6211"}],"wp:term":[{"taxonomy":"category","embeddable":true,"href":"https:\/\/diariodepernambuco.audiencelabs.com.br\/wp-json\/wp\/v2\/categories?post=6211"},{"taxonomy":"post_tag","embeddable":true,"href":"https:\/\/diariodepernambuco.audiencelabs.com.br\/wp-json\/wp\/v2\/tags?post=6211"}],"curies":[{"name":"wp","href":"https:\/\/api.w.org\/{rel}","templated":true}]}}