{"id":6214,"date":"2025-10-15T15:30:00","date_gmt":"2025-10-15T18:30:00","guid":{"rendered":"https:\/\/diariodepernambuco.audiencelabs.com.br\/?p=6214"},"modified":"2025-10-14T14:13:12","modified_gmt":"2025-10-14T17:13:12","slug":"casemiro-soltou-o-verbo-contra-companheiros-da-selecao-apos-derrota-pro-japao","status":"publish","type":"post","link":"https:\/\/diariodepernambuco.audiencelabs.com.br\/casemiro-soltou-o-verbo-contra-companheiros-da-selecao-apos-derrota-pro-japao\/","title":{"rendered":"Casemiro soltou o verbo contra companheiros da Sele\u00e7\u00e3o ap\u00f3s derrota pro Jap\u00e3o"},"content":{"rendered":"\n<p>Capit\u00e3o da Sele\u00e7\u00e3o Brasileira no amistoso contra o Jap\u00e3o, que terminou em uma pequena &#8220;trag\u00e9dia&#8221; para o time comandado pelo t\u00e9cnico Carlo Ancelotti com a derrota, de virada, pelo placar de 3 a 2, o volante Casemiro n\u00e3o poupou cr\u00edticas a equipe ap\u00f3s o apito final. Sem papas na l\u00edngua, o jogador afirmou que um &#8220;apag\u00e3o&#8221; atingiu a Sele\u00e7\u00e3o.<\/p>\n\n\n\n<p>&#8220;Um apag\u00e3o na segunda parte em toda equipe. Esse \u00e9 o mais alto n\u00edvel. Se voc\u00ea dorme 45 minutos, pode custar uma Copa do Mundo, uma Copa Am\u00e9rica, uma medalha, um sonho de quatro anos\u2026 aprendizado&#8221;, disse o volante do Manchester United.<\/p>\n\n\n\n<figure class=\"wp-block-embed is-type-rich is-provider-twitter wp-block-embed-twitter\"><div class=\"wp-block-embed__wrapper\">\n<blockquote class=\"twitter-tweet\" data-width=\"500\" data-dnt=\"true\"><p lang=\"pt\" dir=\"ltr\">&quot;45 minutos podem custar um sonho de inf\u00e2ncia&quot;<br><br>Capit\u00e3o do Brasil, Casemiro falou sobre a derrota para o Jap\u00e3o e o saldo da prepara\u00e7\u00e3o da Sele\u00e7\u00e3o. <a href=\"https:\/\/twitter.com\/hashtag\/sele%C3%A7%C3%A3obrasileira?src=hash&amp;ref_src=twsrc%5Etfw\" target=\"_blank\" rel=\"noopener\">#sele\u00e7\u00e3obrasileira<\/a> <a href=\"https:\/\/t.co\/f7uMM2wQ2B\" target=\"_blank\">pic.twitter.com\/f7uMM2wQ2B<\/a><\/p>&mdash; ge (@geglobo) <a href=\"https:\/\/twitter.com\/geglobo\/status\/1978079994539606498?ref_src=twsrc%5Etfw\" target=\"_blank\" rel=\"noopener\">October 14, 2025<\/a><\/blockquote><script async src=\"https:\/\/platform.twitter.com\/widgets.js\" charset=\"utf-8\"><\/script>\n<\/div><\/figure>\n\n\n\n<p>Depois de golear a Coreia do Sul por 5 a 0 na \u00faltima sexta-feira (10), o Brasil voltou \u00e0 campo nesta ter\u00e7a-feira (14) disposto a manter a boa fase. No primeiro tempo, tudo parecia correr bem com os gols de Paulo Henrique e Gabriel Martinelli, colocando uma boa vantagem sobre os japoneses. Mas tudo desandou na segunta etapa da partida.<\/p>\n\n\n\n<p>Com desaten\u00e7\u00e3o e erros individuais, o Brasil viu os donos da casa virarem o placar com gols de Minamino, Nakamura e Ueda. Esta foi a primeira vit\u00f3ria do Jap\u00e3o no confronto. Antes, o hist\u00f3rico apontava 11 vit\u00f3rias brasileiras e dois empates.<\/p>\n\n\n\n<h2 class=\"wp-block-heading\">Sele\u00e7\u00e3o volta \u00e0 campo em novembro<\/h2>\n\n\n\n<p>Derrotada pelo Jap\u00e3o de forma surpreendente, a Sele\u00e7\u00e3o Brasileira voltar\u00e1 \u00e0 campo no pr\u00f3ximo m\u00eas para dois compromissos contra advers\u00e1rios africanos: Senegal no Emirates Stadium, em Londres, e Tun\u00edsia no Stade de France, em Paris. A pr\u00f3xima Data Fifa est\u00e1 prevista para ocorrer entre 10 e 18 de novembro.<\/p>\n\n\n\n<p>Depois, Ancelotti e seus comandados s\u00f3 retornam em mar\u00e7o de 2026, tr\u00eas meses antes do in\u00edcio da Copa do Mundo. Sonhando com o almejado hexacampeonato, o Brasil \u00e9 uma das 25 sele\u00e7\u00f5es j\u00e1 confirmadas no mundial do pr\u00f3ximo ano.<\/p>\n","protected":false},"excerpt":{"rendered":"<p>Capit\u00e3o da Sele\u00e7\u00e3o Brasileira no amistoso contra o Jap\u00e3o, que terminou em uma pequena &#8220;trag\u00e9dia&#8221; para o time comandado pelo t\u00e9cnico Carlo Ancelotti com a derrota, de virada, pelo placar de 3 a 2, o volante Casemiro n\u00e3o poupou cr\u00edticas a equipe ap\u00f3s o apito final. Sem papas na l\u00edngua, o jogador afirmou que um [&hellip;]<\/p>\n","protected":false},"author":4,"featured_media":6216,"comment_status":"open","ping_status":"open","sticky":false,"template":"","format":"standard","meta":{"jnews-multi-image_gallery":[],"jnews_single_post":{"format":"standard"},"jnews_primary_category":[],"jnews_social_meta":[],"jnews_post_split":[],"footnotes":""},"categories":[1],"tags":[],"class_list":["post-6214","post","type-post","status-publish","format-standard","has-post-thumbnail","hentry","category-uncategorized"],"_links":{"self":[{"href":"https:\/\/diariodepernambuco.audiencelabs.com.br\/wp-json\/wp\/v2\/posts\/6214","targetHints":{"allow":["GET"]}}],"collection":[{"href":"https:\/\/diariodepernambuco.audiencelabs.com.br\/wp-json\/wp\/v2\/posts"}],"about":[{"href":"https:\/\/diariodepernambuco.audiencelabs.com.br\/wp-json\/wp\/v2\/types\/post"}],"author":[{"embeddable":true,"href":"https:\/\/diariodepernambuco.audiencelabs.com.br\/wp-json\/wp\/v2\/users\/4"}],"replies":[{"embeddable":true,"href":"https:\/\/diariodepernambuco.audiencelabs.com.br\/wp-json\/wp\/v2\/comments?post=6214"}],"version-history":[{"count":2,"href":"https:\/\/diariodepernambuco.audiencelabs.com.br\/wp-json\/wp\/v2\/posts\/6214\/revisions"}],"predecessor-version":[{"id":6218,"href":"https:\/\/diariodepernambuco.audiencelabs.com.br\/wp-json\/wp\/v2\/posts\/6214\/revisions\/6218"}],"wp:featuredmedia":[{"embeddable":true,"href":"https:\/\/diariodepernambuco.audiencelabs.com.br\/wp-json\/wp\/v2\/media\/6216"}],"wp:attachment":[{"href":"https:\/\/diariodepernambuco.audiencelabs.com.br\/wp-json\/wp\/v2\/media?parent=6214"}],"wp:term":[{"taxonomy":"category","embeddable":true,"href":"https:\/\/diariodepernambuco.audiencelabs.com.br\/wp-json\/wp\/v2\/categories?post=6214"},{"taxonomy":"post_tag","embeddable":true,"href":"https:\/\/diariodepernambuco.audiencelabs.com.br\/wp-json\/wp\/v2\/tags?post=6214"}],"curies":[{"name":"wp","href":"https:\/\/api.w.org\/{rel}","templated":true}]}}