{"id":6219,"date":"2025-10-15T16:30:00","date_gmt":"2025-10-15T19:30:00","guid":{"rendered":"https:\/\/diariodepernambuco.audiencelabs.com.br\/?p=6219"},"modified":"2025-10-14T16:31:44","modified_gmt":"2025-10-14T19:31:44","slug":"renomada-empresa-de-roupas-fechou-mais-de-20-lojas","status":"publish","type":"post","link":"https:\/\/diariodepernambuco.audiencelabs.com.br\/renomada-empresa-de-roupas-fechou-mais-de-20-lojas\/","title":{"rendered":"Renomada empresa de roupas fechou mais de 20 lojas"},"content":{"rendered":"\n<p>O varejo de roupas na Espanha passa por grandes transforma\u00e7\u00f5es, impulsionadas pela digitaliza\u00e7\u00e3o e por desafios log\u00edsticos crescentes. Essas mudan\u00e7as exigem que as grandes redes repensem seus modelos de neg\u00f3cio para se manterem competitivas em um mercado cada vez mais din\u00e2mico.<\/p>\n\n\n\n<p>Um exemplo marcante dessa mudan\u00e7a \u00e9 a decis\u00e3o da rede sueca H&amp;M de fechar 28 lojas f\u00edsicas no pa\u00eds, afetando diretamente 588 funcion\u00e1rios. A medida faz parte de uma estrat\u00e9gia mais ampla de adapta\u00e7\u00e3o \u00e0 nova realidade do varejo, cada vez mais voltada para o ambiente digital. Assim como outras empresas do setor, a H&amp;M vem reavaliando sua presen\u00e7a f\u00edsica para priorizar e fortalecer suas opera\u00e7\u00f5es online.<\/p>\n\n\n\n<p>A H&amp;M tem focado em uma estrat\u00e9gia voltada para o fortalecimento das vendas digitais e a cria\u00e7\u00e3o de experi\u00eancias mais personalizadas para os clientes. A marca reduz sua presen\u00e7a f\u00edsica enquanto investe fortemente em canais online para se conectar de forma mais eficiente ao p\u00fablico.<\/p>\n\n\n\n<p>O fechamento das lojas f\u00edsicas reflete essa nova estrat\u00e9gia, que prioriza os benef\u00edcios e a conveni\u00eancia do com\u00e9rcio online. Al\u00e9m de aprimorar sua plataforma digital, a H&amp;M tamb\u00e9m est\u00e1 reformulando lojas ic\u00f4nicas, como a da Gran V\u00eda, em Madrid, para oferecer experi\u00eancias de compra mais imersivas e atrativas.<\/p>\n\n\n\n<h2 class=\"wp-block-heading\">O futuro do varejo: menos lojas, mais conex\u00e3o digital<\/h2>\n\n\n\n<p>A decis\u00e3o da H&amp;M simboliza uma tend\u00eancia que vem se consolidando no varejo global: a transi\u00e7\u00e3o para modelos de neg\u00f3cio cada vez mais digitais. Com consumidores priorizando praticidade e rapidez, as compras online se tornaram o principal canal de crescimento, for\u00e7ando as marcas a investir em tecnologia, log\u00edstica e atendimento personalizado.<\/p>\n\n\n\n<p>Essa transforma\u00e7\u00e3o n\u00e3o representa apenas uma mudan\u00e7a operacional, mas tamb\u00e9m uma nova forma de relacionamento entre marca e cliente. As lojas f\u00edsicas deixam de ser apenas pontos de venda e passam a funcionar como espa\u00e7os de experi\u00eancia, voltados para fortalecer o v\u00ednculo emocional e a identidade da marca em um cen\u00e1rio dominado pelo digital.<\/p>\n\n\n\n<p><\/p>\n","protected":false},"excerpt":{"rendered":"<p>O varejo de roupas na Espanha passa por grandes transforma\u00e7\u00f5es, impulsionadas pela digitaliza\u00e7\u00e3o e por desafios log\u00edsticos crescentes. Essas mudan\u00e7as exigem que as grandes redes repensem seus modelos de neg\u00f3cio para se manterem competitivas em um mercado cada vez mais din\u00e2mico. Um exemplo marcante dessa mudan\u00e7a \u00e9 a decis\u00e3o da rede sueca H&amp;M de fechar [&hellip;]<\/p>\n","protected":false},"author":4,"featured_media":6221,"comment_status":"open","ping_status":"open","sticky":false,"template":"","format":"standard","meta":{"jnews-multi-image_gallery":[],"jnews_single_post":{"format":"standard"},"jnews_primary_category":[],"jnews_social_meta":[],"jnews_post_split":[],"footnotes":""},"categories":[1],"tags":[],"class_list":["post-6219","post","type-post","status-publish","format-standard","has-post-thumbnail","hentry","category-uncategorized"],"_links":{"self":[{"href":"https:\/\/diariodepernambuco.audiencelabs.com.br\/wp-json\/wp\/v2\/posts\/6219","targetHints":{"allow":["GET"]}}],"collection":[{"href":"https:\/\/diariodepernambuco.audiencelabs.com.br\/wp-json\/wp\/v2\/posts"}],"about":[{"href":"https:\/\/diariodepernambuco.audiencelabs.com.br\/wp-json\/wp\/v2\/types\/post"}],"author":[{"embeddable":true,"href":"https:\/\/diariodepernambuco.audiencelabs.com.br\/wp-json\/wp\/v2\/users\/4"}],"replies":[{"embeddable":true,"href":"https:\/\/diariodepernambuco.audiencelabs.com.br\/wp-json\/wp\/v2\/comments?post=6219"}],"version-history":[{"count":2,"href":"https:\/\/diariodepernambuco.audiencelabs.com.br\/wp-json\/wp\/v2\/posts\/6219\/revisions"}],"predecessor-version":[{"id":6223,"href":"https:\/\/diariodepernambuco.audiencelabs.com.br\/wp-json\/wp\/v2\/posts\/6219\/revisions\/6223"}],"wp:featuredmedia":[{"embeddable":true,"href":"https:\/\/diariodepernambuco.audiencelabs.com.br\/wp-json\/wp\/v2\/media\/6221"}],"wp:attachment":[{"href":"https:\/\/diariodepernambuco.audiencelabs.com.br\/wp-json\/wp\/v2\/media?parent=6219"}],"wp:term":[{"taxonomy":"category","embeddable":true,"href":"https:\/\/diariodepernambuco.audiencelabs.com.br\/wp-json\/wp\/v2\/categories?post=6219"},{"taxonomy":"post_tag","embeddable":true,"href":"https:\/\/diariodepernambuco.audiencelabs.com.br\/wp-json\/wp\/v2\/tags?post=6219"}],"curies":[{"name":"wp","href":"https:\/\/api.w.org\/{rel}","templated":true}]}}