{"id":6224,"date":"2025-10-15T15:45:00","date_gmt":"2025-10-15T18:45:00","guid":{"rendered":"https:\/\/diariodepernambuco.audiencelabs.com.br\/?p=6224"},"modified":"2025-10-14T16:39:41","modified_gmt":"2025-10-14T19:39:41","slug":"quais-sao-os-carros-que-foram-banidos-da-uber","status":"publish","type":"post","link":"https:\/\/diariodepernambuco.audiencelabs.com.br\/quais-sao-os-carros-que-foram-banidos-da-uber\/","title":{"rendered":"Quais s\u00e3o os carros que foram banidos da Uber?"},"content":{"rendered":"\n<p>A Uber anunciou novas regras para a inclus\u00e3o de ve\u00edculos nas categorias Black e Comfort \u2014 consideradas op\u00e7\u00f5es premium da plataforma \u2014 que passam a valer a partir de janeiro de 2026. Com as mudan\u00e7as, alguns modelos, como o Citro\u00ebn Basalt e o Renault Kardian, deixam de atender aos crit\u00e9rios exigidos.<\/p>\n\n\n\n<p>No caso da categoria Black, as atualiza\u00e7\u00f5es afetam tanto o ano m\u00ednimo de fabrica\u00e7\u00e3o quanto a lista de modelos aceitos. Em grandes capitais, por exemplo, o Volkswagen Virtus s\u00f3 ser\u00e1 eleg\u00edvel se for do ano de 2026 em diante. J\u00e1 ve\u00edculos como Renault Duster, Volkswagen Nivus e Honda City precisar\u00e3o ser, no m\u00ednimo, do ano de 2023 para continuarem operando na categoria.<\/p>\n\n\n\n<p>Nas cidades de S\u00e3o Paulo (SP), Porto Alegre (RS), Curitiba (PR), Bras\u00edlia (DF), Florian\u00f3polis (SC), Vit\u00f3ria (ES), Fortaleza (CE) e Goi\u00e2nia (GO), os ve\u00edculos precisam ter sido fabricados a partir de 2019. J\u00e1 em Belo Horizonte (MG), Recife (PE), Salvador (BA) e Campinas (SP), ser\u00e3o aceitos apenas modelos de 2018 em diante.<\/p>\n\n\n\n<p>No Rio de Janeiro (RJ), as regras s\u00e3o mais flex\u00edveis: carros produzidos a partir de 2017 ainda poder\u00e3o operar na categoria. Al\u00e9m do ano e do modelo, a Uber exige que os ve\u00edculos tenham ar-condicionado, quatro portas e sejam de uma das seguintes cores: preto, chumbo, prata, cinza, azul-marinho, marrom ou branco.<\/p>\n\n\n\n<p>Al\u00e9m disso, os motoristas devem ter completado mais de 100 viagens em outras categorias da plataforma (com exce\u00e7\u00e3o do Uber Moto, Envios Moto e Uber T\u00e1xi) e manter uma avalia\u00e7\u00e3o m\u00e9dia igual ou superior a 4,85 estrelas. De acordo com a empresa, as novas exig\u00eancias foram estabelecidas com base em pesquisas com usu\u00e1rios e em an\u00e1lises do mercado automotivo.<\/p>\n\n\n\n<p><\/p>\n","protected":false},"excerpt":{"rendered":"<p>A Uber anunciou novas regras para a inclus\u00e3o de ve\u00edculos nas categorias Black e Comfort \u2014 consideradas op\u00e7\u00f5es premium da plataforma \u2014 que passam a valer a partir de janeiro de 2026. Com as mudan\u00e7as, alguns modelos, como o Citro\u00ebn Basalt e o Renault Kardian, deixam de atender aos crit\u00e9rios exigidos. No caso da categoria [&hellip;]<\/p>\n","protected":false},"author":4,"featured_media":857,"comment_status":"open","ping_status":"open","sticky":false,"template":"","format":"standard","meta":{"jnews-multi-image_gallery":[],"jnews_single_post":{"format":"standard"},"jnews_primary_category":[],"jnews_social_meta":[],"jnews_post_split":[],"footnotes":""},"categories":[1],"tags":[],"class_list":["post-6224","post","type-post","status-publish","format-standard","has-post-thumbnail","hentry","category-uncategorized"],"_links":{"self":[{"href":"https:\/\/diariodepernambuco.audiencelabs.com.br\/wp-json\/wp\/v2\/posts\/6224","targetHints":{"allow":["GET"]}}],"collection":[{"href":"https:\/\/diariodepernambuco.audiencelabs.com.br\/wp-json\/wp\/v2\/posts"}],"about":[{"href":"https:\/\/diariodepernambuco.audiencelabs.com.br\/wp-json\/wp\/v2\/types\/post"}],"author":[{"embeddable":true,"href":"https:\/\/diariodepernambuco.audiencelabs.com.br\/wp-json\/wp\/v2\/users\/4"}],"replies":[{"embeddable":true,"href":"https:\/\/diariodepernambuco.audiencelabs.com.br\/wp-json\/wp\/v2\/comments?post=6224"}],"version-history":[{"count":2,"href":"https:\/\/diariodepernambuco.audiencelabs.com.br\/wp-json\/wp\/v2\/posts\/6224\/revisions"}],"predecessor-version":[{"id":6226,"href":"https:\/\/diariodepernambuco.audiencelabs.com.br\/wp-json\/wp\/v2\/posts\/6224\/revisions\/6226"}],"wp:featuredmedia":[{"embeddable":true,"href":"https:\/\/diariodepernambuco.audiencelabs.com.br\/wp-json\/wp\/v2\/media\/857"}],"wp:attachment":[{"href":"https:\/\/diariodepernambuco.audiencelabs.com.br\/wp-json\/wp\/v2\/media?parent=6224"}],"wp:term":[{"taxonomy":"category","embeddable":true,"href":"https:\/\/diariodepernambuco.audiencelabs.com.br\/wp-json\/wp\/v2\/categories?post=6224"},{"taxonomy":"post_tag","embeddable":true,"href":"https:\/\/diariodepernambuco.audiencelabs.com.br\/wp-json\/wp\/v2\/tags?post=6224"}],"curies":[{"name":"wp","href":"https:\/\/api.w.org\/{rel}","templated":true}]}}