{"id":6227,"date":"2025-10-15T18:30:00","date_gmt":"2025-10-15T21:30:00","guid":{"rendered":"https:\/\/diariodepernambuco.audiencelabs.com.br\/?p=6227"},"modified":"2025-10-14T17:17:09","modified_gmt":"2025-10-14T20:17:09","slug":"gigante-do-futebol-brasileiro-quer-trazer-novo-luis-suarez","status":"publish","type":"post","link":"https:\/\/diariodepernambuco.audiencelabs.com.br\/gigante-do-futebol-brasileiro-quer-trazer-novo-luis-suarez\/","title":{"rendered":"Gigante do futebol brasileiro quer trazer &#8220;novo&#8221; Luis Su\u00e1rez"},"content":{"rendered":"\n<p>Advogado e ex-vice de futebol do Gr\u00eamio, Paulo Caleffi figura entre os pr\u00e9-candidatos \u00e0 presid\u00eancia do clube. Com Maicon e Danrlei integrando sua equipe de gest\u00e3o, ele precisar\u00e1 conquistar mais de 20% dos votos do Conselho Deliberativo no pr\u00f3ximo 30 de outubro para avan\u00e7ar ao segundo turno. A elei\u00e7\u00e3o para os s\u00f3cios est\u00e1 marcada para 8 de novembro.<\/p>\n\n\n\n<p>Tanto ele quanto Odorico Roman, outro pr\u00e9-candidato, participaram de entrevistas na \u00faltima segunda-feira (13) no programa Zona Mista, no YouTube do GZH. Durante pouco mais de uma hora de conversa com os comunicadores do Grupo RBS Eduardo Gabardo, Marco Souza e Queki, Caleffi revelou que est\u00e1 em negocia\u00e7\u00e3o para contratar um jogador \u201cmaior que o Luis Su\u00e1rez\u201d.<\/p>\n\n\n\n<p>&#8220;Estamos trabalhando para montar um projeto esportivo bem forte e para trazer um craque, aquele jogador de n\u00edvel mundial e melhorar ainda mais o nosso elenco&#8221;, disse o pr\u00e9-candidato. Citado por Caleffi, o uruguaio Luis Su\u00e1rez contou com excelente passagem pelo Gr\u00eamio em 2023, anotando 29 gols e distribuindo 17 assist\u00eancias em 54 jogos disputados.<\/p>\n\n\n\n<p>Ao fim daquela temporada, o hist\u00f3rico atacante com passagens vitoriosas por Liverpool, Barcelona e Atl\u00e9tico de Madrid optou por rumar aos Estados Unidos, onde voltou a fazer dupla com o argentino Lionel Messi no Inter Miami. Por l\u00e1, Su\u00e1rez j\u00e1 acumula 42 gols e 29 assist\u00eancias.<\/p>\n\n\n\n<h2 class=\"wp-block-heading\">Pr\u00e9-candidato rejeita retorno de Renato Portaluppi<\/h2>\n\n\n\n<p>Em outro ponto da entrevista, Paulo Caleffi fez quest\u00e3o de deixar claro que, em um primeiro momento, \u00e9 contra o retorno de Renato Portaluppi ao comando t\u00e9cnico do Gr\u00eamio na pr\u00f3xima temporada. Segundo ele, a imagem do eterno \u00eddolo gremista est\u00e1 &#8220;desgastada&#8221;.<\/p>\n\n\n\n<p>&#8220;Tem determinados temas, que a gente precisa ser bem objetivo. Eu me manifestei no final do ano passado que o Renato precisava de um afastamento do Gr\u00eamio. N\u00f3s n\u00e3o podemos brincar jamais com a imagem do \u00eddolo. O Renato saiu daqui extremamente desgastado, tanto com boa parte do torcedor, mas com voc\u00eas tamb\u00e9m da imprensa&#8221;, disse.<\/p>\n","protected":false},"excerpt":{"rendered":"<p>Advogado e ex-vice de futebol do Gr\u00eamio, Paulo Caleffi figura entre os pr\u00e9-candidatos \u00e0 presid\u00eancia do clube. Com Maicon e Danrlei integrando sua equipe de gest\u00e3o, ele precisar\u00e1 conquistar mais de 20% dos votos do Conselho Deliberativo no pr\u00f3ximo 30 de outubro para avan\u00e7ar ao segundo turno. A elei\u00e7\u00e3o para os s\u00f3cios est\u00e1 marcada para [&hellip;]<\/p>\n","protected":false},"author":4,"featured_media":6230,"comment_status":"open","ping_status":"open","sticky":false,"template":"","format":"standard","meta":{"jnews-multi-image_gallery":[],"jnews_single_post":[],"jnews_primary_category":[],"jnews_social_meta":[],"jnews_post_split":[],"footnotes":""},"categories":[1],"tags":[],"class_list":["post-6227","post","type-post","status-publish","format-standard","has-post-thumbnail","hentry","category-uncategorized"],"_links":{"self":[{"href":"https:\/\/diariodepernambuco.audiencelabs.com.br\/wp-json\/wp\/v2\/posts\/6227","targetHints":{"allow":["GET"]}}],"collection":[{"href":"https:\/\/diariodepernambuco.audiencelabs.com.br\/wp-json\/wp\/v2\/posts"}],"about":[{"href":"https:\/\/diariodepernambuco.audiencelabs.com.br\/wp-json\/wp\/v2\/types\/post"}],"author":[{"embeddable":true,"href":"https:\/\/diariodepernambuco.audiencelabs.com.br\/wp-json\/wp\/v2\/users\/4"}],"replies":[{"embeddable":true,"href":"https:\/\/diariodepernambuco.audiencelabs.com.br\/wp-json\/wp\/v2\/comments?post=6227"}],"version-history":[{"count":3,"href":"https:\/\/diariodepernambuco.audiencelabs.com.br\/wp-json\/wp\/v2\/posts\/6227\/revisions"}],"predecessor-version":[{"id":6231,"href":"https:\/\/diariodepernambuco.audiencelabs.com.br\/wp-json\/wp\/v2\/posts\/6227\/revisions\/6231"}],"wp:featuredmedia":[{"embeddable":true,"href":"https:\/\/diariodepernambuco.audiencelabs.com.br\/wp-json\/wp\/v2\/media\/6230"}],"wp:attachment":[{"href":"https:\/\/diariodepernambuco.audiencelabs.com.br\/wp-json\/wp\/v2\/media?parent=6227"}],"wp:term":[{"taxonomy":"category","embeddable":true,"href":"https:\/\/diariodepernambuco.audiencelabs.com.br\/wp-json\/wp\/v2\/categories?post=6227"},{"taxonomy":"post_tag","embeddable":true,"href":"https:\/\/diariodepernambuco.audiencelabs.com.br\/wp-json\/wp\/v2\/tags?post=6227"}],"curies":[{"name":"wp","href":"https:\/\/api.w.org\/{rel}","templated":true}]}}