{"id":6232,"date":"2025-10-15T19:00:00","date_gmt":"2025-10-15T22:00:00","guid":{"rendered":"https:\/\/diariodepernambuco.audiencelabs.com.br\/?p=6232"},"modified":"2025-10-14T17:29:02","modified_gmt":"2025-10-14T20:29:02","slug":"assustador-vulcao-explodiu-e-deixou-17-pessoas-feridas","status":"publish","type":"post","link":"https:\/\/diariodepernambuco.audiencelabs.com.br\/assustador-vulcao-explodiu-e-deixou-17-pessoas-feridas\/","title":{"rendered":"Assustador: &#8216;Vulc\u00e3o&#8217; explodiu e deixou 17 pessoas feridas"},"content":{"rendered":"\n<p>Durante uma feira de ci\u00eancias em uma escola de Pergamino, na prov\u00edncia de Buenos Aires, uma maquete de vulc\u00e3o explodiu, deixando 17 pessoas feridas na noite da \u00faltima quinta-feira (9). Entre os atingidos est\u00e1 uma aluna de 10 anos, que passou por sua segunda cirurgia no domingo (12).<\/p>\n\n\n\n<p>Segundo o jornal argentino La Naci\u00f3n, a menina sofreu queimaduras graves no rosto, com risco de perder um olho, al\u00e9m de ferimentos cerebrais. Ela assistia \u00e0 apresenta\u00e7\u00e3o na primeira fila. Ao portal &#8216;g1&#8217;, a diretoria do Hospital Garrahan afirmou que &#8220;a paciente pedi\u00e1trica permanece internada ap\u00f3s ter dado entrada com politraumatismos causados por uma explos\u00e3o&#8221;.<\/p>\n\n\n\n<p>Al\u00e9m da crian\u00e7a, uma professora tamb\u00e9m permanece hospitalizada, por\u00e9m sem risco \u00e0 vida. Os demais feridos j\u00e1 receberam alta ap\u00f3s atendimento de cortes, contus\u00f5es e intoxica\u00e7\u00e3o respirat\u00f3ria. Procurado, o Instituto Comercial Rancagua, local do acidente, n\u00e3o comentou o ocorrido.<\/p>\n\n\n\n<p>A explos\u00e3o aconteceu enquanto um grupo de alunos tentava simular a erup\u00e7\u00e3o de um vulc\u00e3o. Ao acender a maquete, as chamas se espalharam rapidamente, resultando em uma forte explos\u00e3o. Em um dos v\u00eddeos, \u00e9 poss\u00edvel ouvir uma das estudantes, pouco antes do incidente, explicando que o experimento inclu\u00eda \u201cenxofre picado, carv\u00e3o picado e um sal especial\u201d.<\/p>\n\n\n\n<p>A mistura de combust\u00edvel (carv\u00e3o) e oxidante (salitre) produz gases quentes em um intervalo extremamente curto. Segundo o prefeito de Pergamino, Javier Mart\u00ednez, em declara\u00e7\u00e3o ao jornal La Naci\u00f3n, o uso desse tipo de material em experimentos escolares \u00e9 incomum e pode ter agravado a intensidade da explos\u00e3o.<\/p>\n\n\n\n<p>As autoridades iniciaram uma investiga\u00e7\u00e3o para avaliar a conduta do corpo docente e da dire\u00e7\u00e3o da escola, com o objetivo de determinar se houve neglig\u00eancia ou imprud\u00eancia na supervis\u00e3o do projeto. At\u00e9 o momento, nenhuma novidade sobre o caso foi apresentada.<\/p>\n\n\n\n<p><\/p>\n","protected":false},"excerpt":{"rendered":"<p>Durante uma feira de ci\u00eancias em uma escola de Pergamino, na prov\u00edncia de Buenos Aires, uma maquete de vulc\u00e3o explodiu, deixando 17 pessoas feridas na noite da \u00faltima quinta-feira (9). Entre os atingidos est\u00e1 uma aluna de 10 anos, que passou por sua segunda cirurgia no domingo (12). Segundo o jornal argentino La Naci\u00f3n, a [&hellip;]<\/p>\n","protected":false},"author":4,"featured_media":6235,"comment_status":"open","ping_status":"open","sticky":false,"template":"","format":"standard","meta":{"jnews-multi-image_gallery":[],"jnews_single_post":{"format":"standard"},"jnews_primary_category":[],"jnews_social_meta":[],"jnews_post_split":[],"footnotes":""},"categories":[1],"tags":[],"class_list":["post-6232","post","type-post","status-publish","format-standard","has-post-thumbnail","hentry","category-uncategorized"],"_links":{"self":[{"href":"https:\/\/diariodepernambuco.audiencelabs.com.br\/wp-json\/wp\/v2\/posts\/6232","targetHints":{"allow":["GET"]}}],"collection":[{"href":"https:\/\/diariodepernambuco.audiencelabs.com.br\/wp-json\/wp\/v2\/posts"}],"about":[{"href":"https:\/\/diariodepernambuco.audiencelabs.com.br\/wp-json\/wp\/v2\/types\/post"}],"author":[{"embeddable":true,"href":"https:\/\/diariodepernambuco.audiencelabs.com.br\/wp-json\/wp\/v2\/users\/4"}],"replies":[{"embeddable":true,"href":"https:\/\/diariodepernambuco.audiencelabs.com.br\/wp-json\/wp\/v2\/comments?post=6232"}],"version-history":[{"count":2,"href":"https:\/\/diariodepernambuco.audiencelabs.com.br\/wp-json\/wp\/v2\/posts\/6232\/revisions"}],"predecessor-version":[{"id":6236,"href":"https:\/\/diariodepernambuco.audiencelabs.com.br\/wp-json\/wp\/v2\/posts\/6232\/revisions\/6236"}],"wp:featuredmedia":[{"embeddable":true,"href":"https:\/\/diariodepernambuco.audiencelabs.com.br\/wp-json\/wp\/v2\/media\/6235"}],"wp:attachment":[{"href":"https:\/\/diariodepernambuco.audiencelabs.com.br\/wp-json\/wp\/v2\/media?parent=6232"}],"wp:term":[{"taxonomy":"category","embeddable":true,"href":"https:\/\/diariodepernambuco.audiencelabs.com.br\/wp-json\/wp\/v2\/categories?post=6232"},{"taxonomy":"post_tag","embeddable":true,"href":"https:\/\/diariodepernambuco.audiencelabs.com.br\/wp-json\/wp\/v2\/tags?post=6232"}],"curies":[{"name":"wp","href":"https:\/\/api.w.org\/{rel}","templated":true}]}}