{"id":625,"date":"2025-08-07T18:30:00","date_gmt":"2025-08-07T21:30:00","guid":{"rendered":"https:\/\/diariodepernambuco.audiencelabs.com.br\/?p=625"},"modified":"2025-08-06T16:19:46","modified_gmt":"2025-08-06T19:19:46","slug":"os-melhores-passeios-de-trem-no-brasil-para-fazer-nas-ferias","status":"publish","type":"post","link":"https:\/\/diariodepernambuco.audiencelabs.com.br\/os-melhores-passeios-de-trem-no-brasil-para-fazer-nas-ferias\/","title":{"rendered":"Os melhores passeios de trem no Brasil para fazer nas f\u00e9rias"},"content":{"rendered":"\n<p>O turismo ferrovi\u00e1rio no Brasil combina nostalgia, cultura e paisagens encantadoras, proporcionando aos viajantes experi\u00eancias singulares em percursos hist\u00f3ricos, montanhosos e rurais. Embora a maior parte da malha ferrovi\u00e1ria do pa\u00eds seja destinada ao transporte de cargas, algumas rotas foram mantidas ou restauradas especialmente para fins tur\u00edsticos, destacando-se pelo seu valor hist\u00f3rico e atrativos culturais.<\/p>\n\n\n\n<p>Existem op\u00e7\u00f5es em S\u00e3o Paulo, Paran\u00e1, Rio Grande do Sul, Minas Gerais, Esp\u00edrito Santo e Mato Grosso do Sul. Neste ano, o Trem da Serra do Mar Paranaense, operado pela Serra Verde Express, consta na lista das melhores viagens ferrovi\u00e1rias do mundo em 2025, segundo a Lonely Planet. O passeio liga as cidades de Curitiba e Morretes. Veja algumas op\u00e7\u00f5es de passeios:<\/p>\n\n\n\n<ol class=\"wp-block-list\">\n<li><strong>Trem da Serra do Mar Paranaense (Curitiba \u2013 Morretes \u2013 Paranagu\u00e1, PR)<\/strong><\/li>\n<\/ol>\n\n\n\n<p>Operado pela Serra Verde Express<br>Considerado um dos trajetos ferrovi\u00e1rios mais bonitos do mundo.<br>Passa por t\u00faneis, pontes e viadutos em meio \u00e0 Mata Atl\u00e2ntica.<br>Trem regular e tur\u00edstico com servi\u00e7o de bordo e guia.<\/p>\n\n\n\n<ol start=\"2\" class=\"wp-block-list\">\n<li><strong>Trem do Vinho (Bento Gon\u00e7alves \u2013 Garibaldi \u2013 Carlos Barbosa, RS)<\/strong><\/li>\n<\/ol>\n\n\n\n<p>No cora\u00e7\u00e3o da Serra Ga\u00facha, celebra a imigra\u00e7\u00e3o italiana.<br>Degusta\u00e7\u00f5es de vinho, m\u00fasica italiana e atra\u00e7\u00f5es culturais a bordo.<br>Percurso de cerca de 23 km em cerca de 2 horas.<\/p>\n\n\n\n<ol start=\"3\" class=\"wp-block-list\">\n<li><strong>Maria Fuma\u00e7a da Serra da Mantiqueira (Passa Quatro, MG)<\/strong><\/li>\n<\/ol>\n\n\n\n<p>Percurso de 10 km entre Passa Quatro e Manac\u00e1, com belas vistas da serra.<br>Trem a vapor com paradas para fotos e apresenta\u00e7\u00f5es culturais.<\/p>\n\n\n\n<ol start=\"4\" class=\"wp-block-list\">\n<li><strong>Trem da Vale (Vit\u00f3ria \u2013 Belo Horizonte, ES\/MG)<\/strong><\/li>\n<\/ol>\n\n\n\n<p>Apesar de ser uma linha de passageiros, o trecho \u00e9 usado por muitos turistas.<br>Percorre mais de 600 km em cerca de 13 horas, com belas paisagens da Serra do Espinha\u00e7o e do litoral capixaba.<\/p>\n\n\n\n<ol start=\"5\" class=\"wp-block-list\">\n<li><strong>Trem Tur\u00edstico da CPTM (S\u00e3o Paulo \u2013 Mogi das Cruzes \u2013 Jundia\u00ed, SP)<\/strong><\/li>\n<\/ol>\n\n\n\n<p>Operado esporadicamente, oferece roteiros tem\u00e1ticos pela Grande SP e interior.<br>Parte dos projetos de resgate da hist\u00f3ria ferrovi\u00e1ria paulista.<\/p>\n\n\n\n<h2 class=\"wp-block-heading\">Desafios do turismo ferrovi\u00e1rio no Brasil<\/h2>\n\n\n\n<ul class=\"wp-block-list\">\n<li>Baixo investimento e infraestrutura limitada.<\/li>\n\n\n\n<li>Muitas linhas desativadas ou degradadas.<\/li>\n\n\n\n<li>Falta de pol\u00edtica p\u00fablica nacional para promover o setor de forma cont\u00ednua.<\/li>\n\n\n\n<li>Depend\u00eancia de iniciativas regionais ou privadas.<\/li>\n<\/ul>\n\n\n\n<p><\/p>\n","protected":false},"excerpt":{"rendered":"<p>O turismo ferrovi\u00e1rio no Brasil combina nostalgia, cultura e paisagens encantadoras, proporcionando aos viajantes experi\u00eancias singulares em percursos hist\u00f3ricos, montanhosos e rurais. Embora a maior parte da malha ferrovi\u00e1ria do pa\u00eds seja destinada ao transporte de cargas, algumas rotas foram mantidas ou restauradas especialmente para fins tur\u00edsticos, destacando-se pelo seu valor hist\u00f3rico e atrativos culturais. [&hellip;]<\/p>\n","protected":false},"author":4,"featured_media":628,"comment_status":"open","ping_status":"open","sticky":false,"template":"","format":"standard","meta":{"jnews-multi-image_gallery":[],"jnews_single_post":[],"jnews_primary_category":[],"jnews_social_meta":[],"jnews_post_split":[],"footnotes":""},"categories":[1],"tags":[],"class_list":["post-625","post","type-post","status-publish","format-standard","has-post-thumbnail","hentry","category-uncategorized"],"_links":{"self":[{"href":"https:\/\/diariodepernambuco.audiencelabs.com.br\/wp-json\/wp\/v2\/posts\/625","targetHints":{"allow":["GET"]}}],"collection":[{"href":"https:\/\/diariodepernambuco.audiencelabs.com.br\/wp-json\/wp\/v2\/posts"}],"about":[{"href":"https:\/\/diariodepernambuco.audiencelabs.com.br\/wp-json\/wp\/v2\/types\/post"}],"author":[{"embeddable":true,"href":"https:\/\/diariodepernambuco.audiencelabs.com.br\/wp-json\/wp\/v2\/users\/4"}],"replies":[{"embeddable":true,"href":"https:\/\/diariodepernambuco.audiencelabs.com.br\/wp-json\/wp\/v2\/comments?post=625"}],"version-history":[{"count":3,"href":"https:\/\/diariodepernambuco.audiencelabs.com.br\/wp-json\/wp\/v2\/posts\/625\/revisions"}],"predecessor-version":[{"id":629,"href":"https:\/\/diariodepernambuco.audiencelabs.com.br\/wp-json\/wp\/v2\/posts\/625\/revisions\/629"}],"wp:featuredmedia":[{"embeddable":true,"href":"https:\/\/diariodepernambuco.audiencelabs.com.br\/wp-json\/wp\/v2\/media\/628"}],"wp:attachment":[{"href":"https:\/\/diariodepernambuco.audiencelabs.com.br\/wp-json\/wp\/v2\/media?parent=625"}],"wp:term":[{"taxonomy":"category","embeddable":true,"href":"https:\/\/diariodepernambuco.audiencelabs.com.br\/wp-json\/wp\/v2\/categories?post=625"},{"taxonomy":"post_tag","embeddable":true,"href":"https:\/\/diariodepernambuco.audiencelabs.com.br\/wp-json\/wp\/v2\/tags?post=625"}],"curies":[{"name":"wp","href":"https:\/\/api.w.org\/{rel}","templated":true}]}}