{"id":6265,"date":"2025-10-16T08:00:00","date_gmt":"2025-10-16T11:00:00","guid":{"rendered":"https:\/\/diariodepernambuco.audiencelabs.com.br\/?p=6265"},"modified":"2025-10-15T07:39:07","modified_gmt":"2025-10-15T10:39:07","slug":"profissao-comum-no-mercado-de-trabalho-nao-resistiu-ao-avanco-da-tecnologia","status":"publish","type":"post","link":"https:\/\/diariodepernambuco.audiencelabs.com.br\/profissao-comum-no-mercado-de-trabalho-nao-resistiu-ao-avanco-da-tecnologia\/","title":{"rendered":"Profiss\u00e3o comum no mercado de trabalho n\u00e3o resistiu ao avan\u00e7o da tecnologia"},"content":{"rendered":"\n<p>Nos \u00faltimos anos, o avan\u00e7o acelerado da tecnologia tem transformado profundamente o mercado de trabalho, substituindo fun\u00e7\u00f5es tradicionais por processos automatizados e inteligentes. Profiss\u00f5es que antes eram consideradas indispens\u00e1veis hoje enfrentam um decl\u00ednio inevit\u00e1vel diante da digitaliza\u00e7\u00e3o e do uso crescente de intelig\u00eancia artificial.<\/p>\n\n\n\n<p>Uma das profiss\u00f5es mais impactadas por essa transforma\u00e7\u00e3o \u00e9 a de arquivista. Antes respons\u00e1vel por organizar, catalogar e preservar documentos f\u00edsicos em empresas, reparti\u00e7\u00f5es p\u00fablicas e institui\u00e7\u00f5es, o arquivista viu sua fun\u00e7\u00e3o se tornar cada vez mais rara com a digitaliza\u00e7\u00e3o dos acervos.<\/p>\n\n\n\n<p>Sistemas eletr\u00f4nicos de gest\u00e3o de documentos e armazenamento em nuvem passaram a executar, com mais agilidade e seguran\u00e7a, tarefas que antes exigiam horas de trabalho manual. Apesar de o conhecimento t\u00e9cnico dos arquivistas ainda ser \u00fatil em alguns setores, a demanda pela profiss\u00e3o caiu drasticamente com a revolu\u00e7\u00e3o tecnol\u00f3gica.<\/p>\n\n\n\n<p>A hist\u00f3ria dos arquivistas mostra como a tecnologia redefine o mercado de trabalho, encerrando fun\u00e7\u00f5es antigas e criando novas oportunidades. Muitos migraram para \u00e1reas digitais, como gest\u00e3o da informa\u00e7\u00e3o e seguran\u00e7a de dados, provando que o conhecimento pode se adaptar e evoluir na era tecnol\u00f3gica.<\/p>\n\n\n\n<h2 class=\"wp-block-heading\">A transforma\u00e7\u00e3o digital e o futuro das profiss\u00f5es<\/h2>\n\n\n\n<p>A digitaliza\u00e7\u00e3o afetou n\u00e3o s\u00f3 os arquivistas, mas v\u00e1rias carreiras baseadas em processos manuais. Com a automa\u00e7\u00e3o e a intelig\u00eancia artificial, o mercado passou a valorizar habilidades em tecnologia, dados e inova\u00e7\u00e3o, tornando obsoletas as fun\u00e7\u00f5es que n\u00e3o acompanham essa evolu\u00e7\u00e3o.<\/p>\n\n\n\n<p>Ao mesmo tempo, esse movimento abre espa\u00e7o para novas \u00e1reas e especializa\u00e7\u00f5es. A capacidade de aprender continuamente e de se adaptar a ferramentas digitais se tornou um dos maiores diferenciais no mundo do trabalho. Assim, o fim de certas profiss\u00f5es n\u00e3o representa apenas uma perda, mas tamb\u00e9m o in\u00edcio de uma nova fase, marcada pela reinven\u00e7\u00e3o e pela busca constante por conhecimento.<\/p>\n\n\n\n<p><\/p>\n","protected":false},"excerpt":{"rendered":"<p>Nos \u00faltimos anos, o avan\u00e7o acelerado da tecnologia tem transformado profundamente o mercado de trabalho, substituindo fun\u00e7\u00f5es tradicionais por processos automatizados e inteligentes. Profiss\u00f5es que antes eram consideradas indispens\u00e1veis hoje enfrentam um decl\u00ednio inevit\u00e1vel diante da digitaliza\u00e7\u00e3o e do uso crescente de intelig\u00eancia artificial. Uma das profiss\u00f5es mais impactadas por essa transforma\u00e7\u00e3o \u00e9 a de [&hellip;]<\/p>\n","protected":false},"author":4,"featured_media":6268,"comment_status":"open","ping_status":"open","sticky":false,"template":"","format":"standard","meta":{"jnews-multi-image_gallery":[],"jnews_single_post":{"format":"standard"},"jnews_primary_category":[],"jnews_social_meta":[],"jnews_post_split":[],"footnotes":""},"categories":[1],"tags":[],"class_list":["post-6265","post","type-post","status-publish","format-standard","has-post-thumbnail","hentry","category-uncategorized"],"_links":{"self":[{"href":"https:\/\/diariodepernambuco.audiencelabs.com.br\/wp-json\/wp\/v2\/posts\/6265","targetHints":{"allow":["GET"]}}],"collection":[{"href":"https:\/\/diariodepernambuco.audiencelabs.com.br\/wp-json\/wp\/v2\/posts"}],"about":[{"href":"https:\/\/diariodepernambuco.audiencelabs.com.br\/wp-json\/wp\/v2\/types\/post"}],"author":[{"embeddable":true,"href":"https:\/\/diariodepernambuco.audiencelabs.com.br\/wp-json\/wp\/v2\/users\/4"}],"replies":[{"embeddable":true,"href":"https:\/\/diariodepernambuco.audiencelabs.com.br\/wp-json\/wp\/v2\/comments?post=6265"}],"version-history":[{"count":2,"href":"https:\/\/diariodepernambuco.audiencelabs.com.br\/wp-json\/wp\/v2\/posts\/6265\/revisions"}],"predecessor-version":[{"id":6269,"href":"https:\/\/diariodepernambuco.audiencelabs.com.br\/wp-json\/wp\/v2\/posts\/6265\/revisions\/6269"}],"wp:featuredmedia":[{"embeddable":true,"href":"https:\/\/diariodepernambuco.audiencelabs.com.br\/wp-json\/wp\/v2\/media\/6268"}],"wp:attachment":[{"href":"https:\/\/diariodepernambuco.audiencelabs.com.br\/wp-json\/wp\/v2\/media?parent=6265"}],"wp:term":[{"taxonomy":"category","embeddable":true,"href":"https:\/\/diariodepernambuco.audiencelabs.com.br\/wp-json\/wp\/v2\/categories?post=6265"},{"taxonomy":"post_tag","embeddable":true,"href":"https:\/\/diariodepernambuco.audiencelabs.com.br\/wp-json\/wp\/v2\/tags?post=6265"}],"curies":[{"name":"wp","href":"https:\/\/api.w.org\/{rel}","templated":true}]}}