{"id":6270,"date":"2025-10-15T08:21:39","date_gmt":"2025-10-15T11:21:39","guid":{"rendered":"https:\/\/diariodepernambuco.audiencelabs.com.br\/?p=6270"},"modified":"2025-10-15T08:21:42","modified_gmt":"2025-10-15T11:21:42","slug":"prato-marrom-que-todas-maes-tinham-em-casa-virou-artigo-de-luxo-e-vale-muito-dinheiro","status":"publish","type":"post","link":"https:\/\/diariodepernambuco.audiencelabs.com.br\/prato-marrom-que-todas-maes-tinham-em-casa-virou-artigo-de-luxo-e-vale-muito-dinheiro\/","title":{"rendered":"Prato marrom que todas m\u00e3es tinham em casa virou artigo de luxo e vale muito dinheiro"},"content":{"rendered":"\n<p>O famoso prato marrom foi presen\u00e7a certa nas cozinhas brasileiras por d\u00e9cadas, marcando almo\u00e7os de fam\u00edlia e decorando cristaleiras das m\u00e3es. Hoje, o que antes era um item comum do dia a dia se transformou em artigo de luxo, valorizado por colecionadores e capaz de alcan\u00e7ar pre\u00e7os surpreendentes no mercado.<\/p>\n\n\n\n<p>Um prato raso ou fundo pode chegar a mais de R$\u202f300, principalmente se estiver bem conservado ou fizer parte de um conjunto. O valor aumentou devido \u00e0 nostalgia, \u00e0 est\u00e9tica retr\u00f4 e \u00e0 raridade gerada pelo fim da produ\u00e7\u00e3o. Al\u00e9m do pre\u00e7o, a procura pelo prato marrom tamb\u00e9m reflete um interesse crescente por objetos que remetem \u00e0 mem\u00f3ria afetiva.<\/p>\n\n\n\n<p>Colecionadores e decoradores buscam essas pe\u00e7as para compor ambientes com estilo vintage ou simplesmente para resgatar a lembran\u00e7a dos almo\u00e7os em fam\u00edlia. Com isso, o antigo item de cozinha ganhou status de objeto de desejo, mostrando como itens simples do passado podem se transformar em verdadeiros tesouros no presente.<\/p>\n\n\n\n<p>O prato Duralex \u00e9 produzido em vidro temperado, criado na Fran\u00e7a em 1945 pela empresa La Chapelle-Saint-Mesmin, que deu \u00e0 marca o lema latino \u201cDura lex, sed lex\u201d (\u201cA lei \u00e9 dura, mas \u00e9 a lei\u201d). O material era inovador para a \u00e9poca: resistente a choques t\u00e9rmicos e impactos, dur\u00e1vel e seguro, perfeito para o uso cotidiano.<\/p>\n\n\n\n<h2 class=\"wp-block-heading\">Do item do dia a dia ao objeto de colecionador<\/h2>\n\n\n\n<p>O prato marrom, que por d\u00e9cadas foi apenas mais um utens\u00edlio nas cozinhas brasileiras, hoje conquista espa\u00e7o entre colecionadores e decoradores. Seu charme retr\u00f4 e a liga\u00e7\u00e3o afetiva com mem\u00f3rias familiares tornaram-no um item desejado, capaz de valorizar qualquer ambiente com um toque nost\u00e1lgico e elegante.<\/p>\n\n\n\n<p>Al\u00e9m da est\u00e9tica, a hist\u00f3ria do prato Duralex e a qualidade do vidro temperado refor\u00e7am seu apelo. Resistentes, dur\u00e1veis e seguros, esses pratos unem funcionalidade e charme, mostrando como objetos simples do passado podem se transformar em verdadeiros tesouros contempor\u00e2neos.<\/p>\n\n\n\n<p><\/p>\n","protected":false},"excerpt":{"rendered":"<p>O famoso prato marrom foi presen\u00e7a certa nas cozinhas brasileiras por d\u00e9cadas, marcando almo\u00e7os de fam\u00edlia e decorando cristaleiras das m\u00e3es. Hoje, o que antes era um item comum do dia a dia se transformou em artigo de luxo, valorizado por colecionadores e capaz de alcan\u00e7ar pre\u00e7os surpreendentes no mercado. Um prato raso ou fundo [&hellip;]<\/p>\n","protected":false},"author":4,"featured_media":6271,"comment_status":"open","ping_status":"open","sticky":false,"template":"","format":"standard","meta":{"jnews-multi-image_gallery":[],"jnews_single_post":{"format":"standard"},"jnews_primary_category":[],"jnews_social_meta":[],"jnews_post_split":[],"footnotes":""},"categories":[1],"tags":[],"class_list":["post-6270","post","type-post","status-publish","format-standard","has-post-thumbnail","hentry","category-uncategorized"],"_links":{"self":[{"href":"https:\/\/diariodepernambuco.audiencelabs.com.br\/wp-json\/wp\/v2\/posts\/6270","targetHints":{"allow":["GET"]}}],"collection":[{"href":"https:\/\/diariodepernambuco.audiencelabs.com.br\/wp-json\/wp\/v2\/posts"}],"about":[{"href":"https:\/\/diariodepernambuco.audiencelabs.com.br\/wp-json\/wp\/v2\/types\/post"}],"author":[{"embeddable":true,"href":"https:\/\/diariodepernambuco.audiencelabs.com.br\/wp-json\/wp\/v2\/users\/4"}],"replies":[{"embeddable":true,"href":"https:\/\/diariodepernambuco.audiencelabs.com.br\/wp-json\/wp\/v2\/comments?post=6270"}],"version-history":[{"count":1,"href":"https:\/\/diariodepernambuco.audiencelabs.com.br\/wp-json\/wp\/v2\/posts\/6270\/revisions"}],"predecessor-version":[{"id":6272,"href":"https:\/\/diariodepernambuco.audiencelabs.com.br\/wp-json\/wp\/v2\/posts\/6270\/revisions\/6272"}],"wp:featuredmedia":[{"embeddable":true,"href":"https:\/\/diariodepernambuco.audiencelabs.com.br\/wp-json\/wp\/v2\/media\/6271"}],"wp:attachment":[{"href":"https:\/\/diariodepernambuco.audiencelabs.com.br\/wp-json\/wp\/v2\/media?parent=6270"}],"wp:term":[{"taxonomy":"category","embeddable":true,"href":"https:\/\/diariodepernambuco.audiencelabs.com.br\/wp-json\/wp\/v2\/categories?post=6270"},{"taxonomy":"post_tag","embeddable":true,"href":"https:\/\/diariodepernambuco.audiencelabs.com.br\/wp-json\/wp\/v2\/tags?post=6270"}],"curies":[{"name":"wp","href":"https:\/\/api.w.org\/{rel}","templated":true}]}}