{"id":6288,"date":"2025-10-16T13:00:00","date_gmt":"2025-10-16T16:00:00","guid":{"rendered":"https:\/\/diariodepernambuco.audiencelabs.com.br\/?p=6288"},"modified":"2025-10-15T11:47:01","modified_gmt":"2025-10-15T14:47:01","slug":"confirmado-dilma-roussef-tinha-razao-e-brasil-esta-estocando-vento","status":"publish","type":"post","link":"https:\/\/diariodepernambuco.audiencelabs.com.br\/confirmado-dilma-roussef-tinha-razao-e-brasil-esta-estocando-vento\/","title":{"rendered":"Confirmado! Dilma Roussef tinha raz\u00e3o e Brasil est\u00e1 estocando vento?"},"content":{"rendered":"\n<p>Em 2015, a ent\u00e3o presidente Dilma Rousseff afirmou que o Brasil precisava desenvolver tecnologias para \u201cestocar vento\u201d, gerando cr\u00edticas e piadas na \u00e9poca. Agora, quase uma d\u00e9cada depois, essa ideia se concretiza: o governo federal anunciou planos para lan\u00e7ar, ainda em 2025, o primeiro leil\u00e3o de baterias para armazenamento de energia e\u00f3lica e solar.<\/p>\n\n\n\n<p>O objetivo \u00e9 viabilizar o uso cont\u00ednuo dessas fontes renov\u00e1veis, mesmo quando o vento n\u00e3o sopra ou o sol n\u00e3o brilha. A queda de 50% nos pre\u00e7os das baterias nos \u00faltimos quatro anos torna essa tecnologia mais acess\u00edvel e promissora para o futuro energ\u00e9tico do pa\u00eds.<\/p>\n\n\n\n<p>O ministro de Minas e Energia, Alexandre Silveira, confirmou na \u00faltima ter\u00e7a-feira (14) que o governo do presidente Luiz In\u00e1cio Lula da Silva planeja realizar o primeiro leil\u00e3o ainda este ano. A declara\u00e7\u00e3o foi dada em entrevista ao programa Bom Dia, Ministro, da EBC, em um contexto em que o pa\u00eds enfrenta os desafios do excesso de energia limpa e do r\u00e1pido crescimento de fontes intermitentes.<\/p>\n\n\n\n<p>De acordo com Silveira, o objetivo \u00e9 \u201cliteralmente armazenar o vento\u201d, ou seja, captar a energia gerada por turbinas e\u00f3licas e pain\u00e9is solares nos per\u00edodos de pico e armazen\u00e1-la em baterias de grande capacidade. Esse sistema permitiria fornecer eletricidade \u00e0 noite ou em momentos de maior demanda, quando o sol j\u00e1 se p\u00f4s ou o vento n\u00e3o sopra com intensidade suficiente.<\/p>\n\n\n\n<h2 class=\"wp-block-heading\">Como funcionar\u00e1 o leil\u00e3o?<\/h2>\n\n\n\n<p>O leil\u00e3o de reserva de capacidade com baterias funcionar\u00e1 como um mecanismo para garantir que haja energia dispon\u00edvel mesmo quando as fontes renov\u00e1veis, como e\u00f3lica e solar, n\u00e3o estiverem gerando eletricidade suficiente. Basicamente, o processo envolve alguns pontos-chave:<\/p>\n\n\n\n<ul class=\"wp-block-list\">\n<li>Participa\u00e7\u00e3o de empresas de armazenamento: Companhias que operam sistemas de baterias de grande escala poder\u00e3o se inscrever para oferecer capacidade de armazenamento de energia.<\/li>\n<\/ul>\n\n\n\n<ul class=\"wp-block-list\">\n<li>Oferta de energia armazenada: As baterias armazenam eletricidade gerada nos hor\u00e1rios de pico (quando o sol brilha ou o vento sopra forte) e se comprometem a liberar essa energia em momentos de maior demanda.<\/li>\n<\/ul>\n\n\n\n<ul class=\"wp-block-list\">\n<li>Leil\u00e3o competitivo: O governo definir\u00e1 crit\u00e9rios de pre\u00e7o e quantidade de energia a ser disponibilizada. As empresas apresentar\u00e3o propostas, e aquelas com condi\u00e7\u00f5es mais vantajosas vencer\u00e3o o leil\u00e3o.<\/li>\n<\/ul>\n\n\n\n<ul class=\"wp-block-list\">\n<li>Garantia de fornecimento: O objetivo \u00e9 criar uma reserva estrat\u00e9gica de energia para que o sistema el\u00e9trico funcione de forma cont\u00ednua e est\u00e1vel, mesmo em per\u00edodos sem vento ou sol.<\/li>\n<\/ul>\n\n\n\n<ul class=\"wp-block-list\">\n<li>Incentivo \u00e0 inova\u00e7\u00e3o: O leil\u00e3o tamb\u00e9m estimula investimentos em novas tecnologias de baterias e armazenamento de energia, fortalecendo a matriz el\u00e9trica renov\u00e1vel do pa\u00eds.<\/li>\n<\/ul>\n\n\n\n<p><\/p>\n","protected":false},"excerpt":{"rendered":"<p>Em 2015, a ent\u00e3o presidente Dilma Rousseff afirmou que o Brasil precisava desenvolver tecnologias para \u201cestocar vento\u201d, gerando cr\u00edticas e piadas na \u00e9poca. Agora, quase uma d\u00e9cada depois, essa ideia se concretiza: o governo federal anunciou planos para lan\u00e7ar, ainda em 2025, o primeiro leil\u00e3o de baterias para armazenamento de energia e\u00f3lica e solar. O [&hellip;]<\/p>\n","protected":false},"author":4,"featured_media":6291,"comment_status":"open","ping_status":"open","sticky":false,"template":"","format":"standard","meta":{"jnews-multi-image_gallery":[],"jnews_single_post":{"format":"standard"},"jnews_primary_category":[],"jnews_social_meta":[],"jnews_post_split":[],"footnotes":""},"categories":[1],"tags":[],"class_list":["post-6288","post","type-post","status-publish","format-standard","has-post-thumbnail","hentry","category-uncategorized"],"_links":{"self":[{"href":"https:\/\/diariodepernambuco.audiencelabs.com.br\/wp-json\/wp\/v2\/posts\/6288","targetHints":{"allow":["GET"]}}],"collection":[{"href":"https:\/\/diariodepernambuco.audiencelabs.com.br\/wp-json\/wp\/v2\/posts"}],"about":[{"href":"https:\/\/diariodepernambuco.audiencelabs.com.br\/wp-json\/wp\/v2\/types\/post"}],"author":[{"embeddable":true,"href":"https:\/\/diariodepernambuco.audiencelabs.com.br\/wp-json\/wp\/v2\/users\/4"}],"replies":[{"embeddable":true,"href":"https:\/\/diariodepernambuco.audiencelabs.com.br\/wp-json\/wp\/v2\/comments?post=6288"}],"version-history":[{"count":2,"href":"https:\/\/diariodepernambuco.audiencelabs.com.br\/wp-json\/wp\/v2\/posts\/6288\/revisions"}],"predecessor-version":[{"id":6295,"href":"https:\/\/diariodepernambuco.audiencelabs.com.br\/wp-json\/wp\/v2\/posts\/6288\/revisions\/6295"}],"wp:featuredmedia":[{"embeddable":true,"href":"https:\/\/diariodepernambuco.audiencelabs.com.br\/wp-json\/wp\/v2\/media\/6291"}],"wp:attachment":[{"href":"https:\/\/diariodepernambuco.audiencelabs.com.br\/wp-json\/wp\/v2\/media?parent=6288"}],"wp:term":[{"taxonomy":"category","embeddable":true,"href":"https:\/\/diariodepernambuco.audiencelabs.com.br\/wp-json\/wp\/v2\/categories?post=6288"},{"taxonomy":"post_tag","embeddable":true,"href":"https:\/\/diariodepernambuco.audiencelabs.com.br\/wp-json\/wp\/v2\/tags?post=6288"}],"curies":[{"name":"wp","href":"https:\/\/api.w.org\/{rel}","templated":true}]}}