{"id":6296,"date":"2025-10-16T14:00:00","date_gmt":"2025-10-16T17:00:00","guid":{"rendered":"https:\/\/diariodepernambuco.audiencelabs.com.br\/?p=6296"},"modified":"2025-10-15T12:06:30","modified_gmt":"2025-10-15T15:06:30","slug":"integrante-do-sepultura-revela-se-ficou-chateado-com-eloy-casagrande","status":"publish","type":"post","link":"https:\/\/diariodepernambuco.audiencelabs.com.br\/integrante-do-sepultura-revela-se-ficou-chateado-com-eloy-casagrande\/","title":{"rendered":"Integrante do Sepultura revela se ficou chateado com Eloy Casagrande"},"content":{"rendered":"\n<p>A sa\u00edda repentina de Eloy Casagrande do Sepultura, \u00e0s v\u00e9speras da turn\u00ea de despedida \u201cCelebrating Life Through Death\u201d, gerou surpresa e especula\u00e7\u00e3o entre f\u00e3s e membros da banda. Em entrevista recente, o guitarrista Andreas Kisser revelou que, embora tenha ficado \u201cputo por 2 segundos\u201d com a decis\u00e3o do baterista, compreende que ele estava buscando novas oportunidades.<\/p>\n\n\n\n<p>Kisser enfatizou que Casagrande estava em busca do que queria e que a banda seguiu em frente com a contrata\u00e7\u00e3o de Greyson Nekrutman, que tem se sa\u00eddo muito bem nos shows. O guitarrista tamb\u00e9m expressou disposi\u00e7\u00e3o para futuras colabora\u00e7\u00f5es com Casagrande, caso haja interesse de ambas as partes.<\/p>\n\n\n\n<figure class=\"wp-block-embed is-type-video is-provider-youtube wp-block-embed-youtube wp-embed-aspect-16-9 wp-has-aspect-ratio\"><div class=\"wp-block-embed__wrapper\">\n<div class=\"jeg_video_container jeg_video_content\"><iframe loading=\"lazy\" title=\"SA\u00cdDA DO ELOY DO SEPULTURA!\" width=\"500\" height=\"281\" src=\"https:\/\/www.youtube.com\/embed\/g1nzsYQJSyo?feature=oembed\" frameborder=\"0\" allow=\"accelerometer; autoplay; clipboard-write; encrypted-media; gyroscope; picture-in-picture; web-share\" referrerpolicy=\"strict-origin-when-cross-origin\" allowfullscreen><\/iframe><\/div>\n<\/div><\/figure>\n\n\n\n<p>&#8220;\u00c9 l\u00f3gico que eu fiquei puto, mano. A gente ficou dois, tr\u00eas anos organizando tudo e ele j\u00e1 estava dentro. Dois dias antes de anunciar que ia sair, a gente estava organizando sete listas. Voc\u00ea n\u00e3o tinha ideia de que algo assim estava rolando. N\u00e3o quero botar essas palavras, n\u00e3o quero que coloquem palavras na minha boca. N\u00e3o \u00e9 trai\u00e7\u00e3o&#8221;, disse ao jornalista Benjamin Back.<\/p>\n\n\n\n<p>Andreas ainda completou: &#8220;Foi melhor para o Eloy tamb\u00e9m. Ele est\u00e1 no lugar que queria. O Slipknot tem tudo a ver com ele, sem d\u00favida, um dos melhores bateristas do mundo. Mas o Grayson tamb\u00e9m \u00e9 um monstro. Mesmo depois de poucos meses no Sepultura, ele j\u00e1 concorria a melhor bateria de metal no Modern Drummer, junto com Eloy e outros&#8221;.<\/p>\n\n\n\n<p>Em resumo, Andreas Kisser deixou claro que, embora a sa\u00edda de Eloy Casagrande tenha gerado frustra\u00e7\u00e3o moment\u00e2nea, n\u00e3o houve ressentimentos duradouros. Ele reconhece que a mudan\u00e7a foi positiva para o baterista, que encontrou novas oportunidades no Slipknot, e elogia o desempenho de Greyson Nekrutman, mostrando que o Sepultura segue forte e preparado para o futuro.<\/p>\n\n\n\n<p><\/p>\n","protected":false},"excerpt":{"rendered":"<p>A sa\u00edda repentina de Eloy Casagrande do Sepultura, \u00e0s v\u00e9speras da turn\u00ea de despedida \u201cCelebrating Life Through Death\u201d, gerou surpresa e especula\u00e7\u00e3o entre f\u00e3s e membros da banda. Em entrevista recente, o guitarrista Andreas Kisser revelou que, embora tenha ficado \u201cputo por 2 segundos\u201d com a decis\u00e3o do baterista, compreende que ele estava buscando novas [&hellip;]<\/p>\n","protected":false},"author":4,"featured_media":6298,"comment_status":"open","ping_status":"open","sticky":false,"template":"","format":"standard","meta":{"jnews-multi-image_gallery":[],"jnews_single_post":{"format":"standard"},"jnews_primary_category":[],"jnews_social_meta":[],"jnews_post_split":[],"footnotes":""},"categories":[1],"tags":[],"class_list":["post-6296","post","type-post","status-publish","format-standard","has-post-thumbnail","hentry","category-uncategorized"],"_links":{"self":[{"href":"https:\/\/diariodepernambuco.audiencelabs.com.br\/wp-json\/wp\/v2\/posts\/6296","targetHints":{"allow":["GET"]}}],"collection":[{"href":"https:\/\/diariodepernambuco.audiencelabs.com.br\/wp-json\/wp\/v2\/posts"}],"about":[{"href":"https:\/\/diariodepernambuco.audiencelabs.com.br\/wp-json\/wp\/v2\/types\/post"}],"author":[{"embeddable":true,"href":"https:\/\/diariodepernambuco.audiencelabs.com.br\/wp-json\/wp\/v2\/users\/4"}],"replies":[{"embeddable":true,"href":"https:\/\/diariodepernambuco.audiencelabs.com.br\/wp-json\/wp\/v2\/comments?post=6296"}],"version-history":[{"count":2,"href":"https:\/\/diariodepernambuco.audiencelabs.com.br\/wp-json\/wp\/v2\/posts\/6296\/revisions"}],"predecessor-version":[{"id":6306,"href":"https:\/\/diariodepernambuco.audiencelabs.com.br\/wp-json\/wp\/v2\/posts\/6296\/revisions\/6306"}],"wp:featuredmedia":[{"embeddable":true,"href":"https:\/\/diariodepernambuco.audiencelabs.com.br\/wp-json\/wp\/v2\/media\/6298"}],"wp:attachment":[{"href":"https:\/\/diariodepernambuco.audiencelabs.com.br\/wp-json\/wp\/v2\/media?parent=6296"}],"wp:term":[{"taxonomy":"category","embeddable":true,"href":"https:\/\/diariodepernambuco.audiencelabs.com.br\/wp-json\/wp\/v2\/categories?post=6296"},{"taxonomy":"post_tag","embeddable":true,"href":"https:\/\/diariodepernambuco.audiencelabs.com.br\/wp-json\/wp\/v2\/tags?post=6296"}],"curies":[{"name":"wp","href":"https:\/\/api.w.org\/{rel}","templated":true}]}}