{"id":6310,"date":"2025-10-16T15:30:00","date_gmt":"2025-10-16T18:30:00","guid":{"rendered":"https:\/\/diariodepernambuco.audiencelabs.com.br\/?p=6310"},"modified":"2025-10-15T13:31:01","modified_gmt":"2025-10-15T16:31:01","slug":"passo-a-passo-como-saber-se-tenho-direito-ao-pis","status":"publish","type":"post","link":"https:\/\/diariodepernambuco.audiencelabs.com.br\/passo-a-passo-como-saber-se-tenho-direito-ao-pis\/","title":{"rendered":"Passo a passo: como saber se tenho direito ao PIS?"},"content":{"rendered":"\n<p>O PIS (Programa de Integra\u00e7\u00e3o Social) \u00e9 um benef\u00edcio destinado a trabalhadores do setor privado que atende a diferentes finalidades \u2014 como abonos e pagamentos anuais \u2014 e, por isso, gera muitas d\u00favidas sobre quem tem direito e como consultar o benef\u00edcio. Neste passo a passo voc\u00ea vai encontrar, de forma pr\u00e1tica e direta, o que \u00e9 preciso checar para saber se tem direito ou n\u00e3o.<\/p>\n\n\n\n<p>Para ter direito ao PIS, \u00e9 necess\u00e1rio atender a alguns requisitos b\u00e1sicos definidos pelo governo federal. O trabalhador deve estar inscrito no programa h\u00e1 pelo menos cinco anos, ter exercido atividade remunerada com carteira assinada por no m\u00ednimo 30 dias no ano-base considerado para o pagamento, e ter recebido, em m\u00e9dia, at\u00e9 dois sal\u00e1rios m\u00ednimos mensais durante esse per\u00edodo.<\/p>\n\n\n\n<p>Al\u00e9m disso, \u00e9 fundamental que os dados estejam corretamente informados pelo empregador na Rela\u00e7\u00e3o Anual de Informa\u00e7\u00f5es Sociais (RAIS) ou no eSocial. A consulta pode ser feita de forma simples e gratuita. Basta acessar o aplicativo Carteira de Trabalho Digital ou o site Gov.br, fazer login e verificar se h\u00e1 valores dispon\u00edveis na aba \u201cBenef\u00edcios\u201d.<\/p>\n\n\n\n<p>Tamb\u00e9m \u00e9 poss\u00edvel consultar pelo app Caixa Trabalhador ou nas ag\u00eancias da Caixa Econ\u00f4mica Federal, respons\u00e1vel pelo pagamento. Caso tenha direito, o valor ser\u00e1 depositado automaticamente em conta Caixa ou dispon\u00edvel para saque conforme o calend\u00e1rio oficial.<\/p>\n\n\n\n<h2 class=\"wp-block-heading\">Como saber se voc\u00ea tem direito e quando vai receber<\/h2>\n\n\n\n<p>O calend\u00e1rio de pagamentos do PIS \u00e9 divulgado anualmente pelo governo federal e segue a ordem do m\u00eas de nascimento do trabalhador. Geralmente, os dep\u00f3sitos come\u00e7am no primeiro trimestre do ano e seguem at\u00e9 o segundo semestre, garantindo que todos os benefici\u00e1rios recebam dentro do per\u00edodo estipulado.<\/p>\n\n\n\n<p>O valor pago \u00e9 proporcional ao tempo trabalhado no ano-base, podendo chegar a um sal\u00e1rio m\u00ednimo para quem atuou durante os 12 meses. \u00c9 importante acompanhar as atualiza\u00e7\u00f5es oficiais nos canais da Caixa Econ\u00f4mica Federal e do Minist\u00e9rio do Trabalho e Emprego, que divulgam informa\u00e7\u00f5es sobre prazos e poss\u00edveis ajustes nas regras.<\/p>\n\n\n\n<p><\/p>\n","protected":false},"excerpt":{"rendered":"<p>O PIS (Programa de Integra\u00e7\u00e3o Social) \u00e9 um benef\u00edcio destinado a trabalhadores do setor privado que atende a diferentes finalidades \u2014 como abonos e pagamentos anuais \u2014 e, por isso, gera muitas d\u00favidas sobre quem tem direito e como consultar o benef\u00edcio. Neste passo a passo voc\u00ea vai encontrar, de forma pr\u00e1tica e direta, o [&hellip;]<\/p>\n","protected":false},"author":4,"featured_media":6312,"comment_status":"open","ping_status":"open","sticky":false,"template":"","format":"standard","meta":{"jnews-multi-image_gallery":[],"jnews_single_post":{"format":"standard"},"jnews_primary_category":[],"jnews_social_meta":[],"jnews_post_split":[],"footnotes":""},"categories":[1],"tags":[],"class_list":["post-6310","post","type-post","status-publish","format-standard","has-post-thumbnail","hentry","category-uncategorized"],"_links":{"self":[{"href":"https:\/\/diariodepernambuco.audiencelabs.com.br\/wp-json\/wp\/v2\/posts\/6310","targetHints":{"allow":["GET"]}}],"collection":[{"href":"https:\/\/diariodepernambuco.audiencelabs.com.br\/wp-json\/wp\/v2\/posts"}],"about":[{"href":"https:\/\/diariodepernambuco.audiencelabs.com.br\/wp-json\/wp\/v2\/types\/post"}],"author":[{"embeddable":true,"href":"https:\/\/diariodepernambuco.audiencelabs.com.br\/wp-json\/wp\/v2\/users\/4"}],"replies":[{"embeddable":true,"href":"https:\/\/diariodepernambuco.audiencelabs.com.br\/wp-json\/wp\/v2\/comments?post=6310"}],"version-history":[{"count":3,"href":"https:\/\/diariodepernambuco.audiencelabs.com.br\/wp-json\/wp\/v2\/posts\/6310\/revisions"}],"predecessor-version":[{"id":6315,"href":"https:\/\/diariodepernambuco.audiencelabs.com.br\/wp-json\/wp\/v2\/posts\/6310\/revisions\/6315"}],"wp:featuredmedia":[{"embeddable":true,"href":"https:\/\/diariodepernambuco.audiencelabs.com.br\/wp-json\/wp\/v2\/media\/6312"}],"wp:attachment":[{"href":"https:\/\/diariodepernambuco.audiencelabs.com.br\/wp-json\/wp\/v2\/media?parent=6310"}],"wp:term":[{"taxonomy":"category","embeddable":true,"href":"https:\/\/diariodepernambuco.audiencelabs.com.br\/wp-json\/wp\/v2\/categories?post=6310"},{"taxonomy":"post_tag","embeddable":true,"href":"https:\/\/diariodepernambuco.audiencelabs.com.br\/wp-json\/wp\/v2\/tags?post=6310"}],"curies":[{"name":"wp","href":"https:\/\/api.w.org\/{rel}","templated":true}]}}