{"id":6330,"date":"2025-10-16T19:00:00","date_gmt":"2025-10-16T22:00:00","guid":{"rendered":"https:\/\/diariodepernambuco.audiencelabs.com.br\/?p=6330"},"modified":"2025-10-15T15:37:45","modified_gmt":"2025-10-15T18:37:45","slug":"loja-em-cidade-brasileira-falsifica-bebidas-e-dono-foi-preso","status":"publish","type":"post","link":"https:\/\/diariodepernambuco.audiencelabs.com.br\/loja-em-cidade-brasileira-falsifica-bebidas-e-dono-foi-preso\/","title":{"rendered":"Loja em cidade brasileira falsifica bebidas e dono foi preso"},"content":{"rendered":"\n<p>A Pol\u00edcia Civil do Rio Grande do Sul prendeu, na madrugada desta quarta-feira (15), o gerente de um com\u00e9rcio de bebidas em Porto Alegre. A a\u00e7\u00e3o fez parte da Opera\u00e7\u00e3o Dose Letal, voltada ao combate da venda de produtos adulterados e sem proced\u00eancia. A pris\u00e3o foi motivada por informa\u00e7\u00f5es sobre uma poss\u00edvel v\u00edtima de intoxica\u00e7\u00e3o por metanol atendida em um hospital da cidade.<\/p>\n\n\n\n<p>O nome do estabelecimento n\u00e3o foi divulgado, mas ele est\u00e1 localizado na zona leste de Porto Alegre. Segundo a pol\u00edcia, foram apreendidas 44 bebidas, das quais duas tiveram falsifica\u00e7\u00e3o confirmada. Os produtos ser\u00e3o encaminhados ao Instituto-Geral de Per\u00edcias para an\u00e1lise do conte\u00fado e identifica\u00e7\u00e3o da subst\u00e2ncia utilizada na adultera\u00e7\u00e3o.<\/p>\n\n\n\n<p>O gerente dever\u00e1 responder pelo crime de falsifica\u00e7\u00e3o, corrup\u00e7\u00e3o, adultera\u00e7\u00e3o ou altera\u00e7\u00e3o de subst\u00e2ncias ou produtos aliment\u00edcios. A investiga\u00e7\u00e3o tem como objetivo proteger a sa\u00fade p\u00fablica, fiscalizando estabelecimentos suspeitos de comercializar bebidas sem proced\u00eancia, com pre\u00e7os muito abaixo do mercado ou com r\u00f3tulos e lacres falsificados.<\/p>\n\n\n\n<p>Segundo a delegada Milena Simioli, a opera\u00e7\u00e3o tamb\u00e9m foi motivada pela preocupa\u00e7\u00e3o nacional com bebidas falsificadas, especialmente ap\u00f3s casos graves envolvendo metanol. A popula\u00e7\u00e3o pode colaborar fornecendo informa\u00e7\u00f5es pelos canais da Pol\u00edcia Civil, Procon e Vigil\u00e2ncia Sanit\u00e1ria, com den\u00fancias sigilosas pelo 0800 510 2828.<\/p>\n\n\n\n<h2 class=\"wp-block-heading\">Seis suspeitos foram presos em S\u00e3o Paulo<\/h2>\n\n\n\n<p>A Pol\u00edcia Civil de S\u00e3o Paulo cumpriu, nesta ter\u00e7a-feira, 20 mandados de busca e apreens\u00e3o em oito cidades, incluindo a capital, a regi\u00e3o metropolitana e o interior do estado. Seis suspeitos foram detidos durante a opera\u00e7\u00e3o, que investiga a adultera\u00e7\u00e3o de bebidas.<\/p>\n\n\n\n<p>Em treze dos vinte endere\u00e7os foram encontradas bebidas possivelmente adulteradas. De acordo com o delegado-geral de Pol\u00edcia de S\u00e3o Paulo, Artur Dian, ainda \u00e9 necess\u00e1rio aguardar o resultado da per\u00edcia para confirmar a presen\u00e7a de metanol nas bebidas. As pris\u00f5es ocorreram nos munic\u00edpios de Guaruj\u00e1, S\u00e3o Jos\u00e9 dos Campos e na capital paulista.<\/p>\n\n\n\n<p><\/p>\n","protected":false},"excerpt":{"rendered":"<p>A Pol\u00edcia Civil do Rio Grande do Sul prendeu, na madrugada desta quarta-feira (15), o gerente de um com\u00e9rcio de bebidas em Porto Alegre. A a\u00e7\u00e3o fez parte da Opera\u00e7\u00e3o Dose Letal, voltada ao combate da venda de produtos adulterados e sem proced\u00eancia. A pris\u00e3o foi motivada por informa\u00e7\u00f5es sobre uma poss\u00edvel v\u00edtima de intoxica\u00e7\u00e3o [&hellip;]<\/p>\n","protected":false},"author":4,"featured_media":6333,"comment_status":"open","ping_status":"open","sticky":false,"template":"","format":"standard","meta":{"jnews-multi-image_gallery":[],"jnews_single_post":{"format":"standard"},"jnews_primary_category":[],"jnews_social_meta":[],"jnews_post_split":[],"footnotes":""},"categories":[1],"tags":[],"class_list":["post-6330","post","type-post","status-publish","format-standard","has-post-thumbnail","hentry","category-uncategorized"],"_links":{"self":[{"href":"https:\/\/diariodepernambuco.audiencelabs.com.br\/wp-json\/wp\/v2\/posts\/6330","targetHints":{"allow":["GET"]}}],"collection":[{"href":"https:\/\/diariodepernambuco.audiencelabs.com.br\/wp-json\/wp\/v2\/posts"}],"about":[{"href":"https:\/\/diariodepernambuco.audiencelabs.com.br\/wp-json\/wp\/v2\/types\/post"}],"author":[{"embeddable":true,"href":"https:\/\/diariodepernambuco.audiencelabs.com.br\/wp-json\/wp\/v2\/users\/4"}],"replies":[{"embeddable":true,"href":"https:\/\/diariodepernambuco.audiencelabs.com.br\/wp-json\/wp\/v2\/comments?post=6330"}],"version-history":[{"count":2,"href":"https:\/\/diariodepernambuco.audiencelabs.com.br\/wp-json\/wp\/v2\/posts\/6330\/revisions"}],"predecessor-version":[{"id":6334,"href":"https:\/\/diariodepernambuco.audiencelabs.com.br\/wp-json\/wp\/v2\/posts\/6330\/revisions\/6334"}],"wp:featuredmedia":[{"embeddable":true,"href":"https:\/\/diariodepernambuco.audiencelabs.com.br\/wp-json\/wp\/v2\/media\/6333"}],"wp:attachment":[{"href":"https:\/\/diariodepernambuco.audiencelabs.com.br\/wp-json\/wp\/v2\/media?parent=6330"}],"wp:term":[{"taxonomy":"category","embeddable":true,"href":"https:\/\/diariodepernambuco.audiencelabs.com.br\/wp-json\/wp\/v2\/categories?post=6330"},{"taxonomy":"post_tag","embeddable":true,"href":"https:\/\/diariodepernambuco.audiencelabs.com.br\/wp-json\/wp\/v2\/tags?post=6330"}],"curies":[{"name":"wp","href":"https:\/\/api.w.org\/{rel}","templated":true}]}}