{"id":6381,"date":"2025-10-16T11:13:36","date_gmt":"2025-10-16T14:13:36","guid":{"rendered":"https:\/\/diariodepernambuco.audiencelabs.com.br\/?p=6381"},"modified":"2025-10-16T11:13:38","modified_gmt":"2025-10-16T14:13:38","slug":"oficial-remuneracao-minima-de-r-4-867-foi-confirmada-no-brasil","status":"publish","type":"post","link":"https:\/\/diariodepernambuco.audiencelabs.com.br\/oficial-remuneracao-minima-de-r-4-867-foi-confirmada-no-brasil\/","title":{"rendered":"Oficial! Remunera\u00e7\u00e3o m\u00ednima de R$ 4.867 foi confirmada no Brasil"},"content":{"rendered":"\n<p>A C\u00e2mara dos Deputados aprovou, na \u00faltima ter\u00e7a-feira (14), o projeto de lei que assegura o pagamento do piso salarial aos professores tempor\u00e1rios da educa\u00e7\u00e3o b\u00e1sica. O valor definido para o piso do magist\u00e9rio \u00e9 de R$ 4.867,77 para uma jornada de 40 horas semanais. A proposta segue agora para an\u00e1lise e vota\u00e7\u00e3o no Senado Federal.<\/p>\n\n\n\n<p>O presidente da C\u00e2mara, Hugo Motta (Republicanos-PB), anunciou que as vota\u00e7\u00f5es desta semana ser\u00e3o dedicadas \u00e0 \u00e1rea da educa\u00e7\u00e3o. \u201cCome\u00e7amos a semana de vota\u00e7\u00f5es com o p\u00e9 no acelerador. O dia foi de muito trabalho em prol dos professores e das crian\u00e7as\u201d, escreveu Motta em publica\u00e7\u00e3o no X (antigo Twitter).<\/p>\n\n\n\n<p>O Projeto de Lei 672\/25, de autoria do deputado Rafael Brito (MDB-AL), foi aprovado na forma do substitutivo apresentado pela relatora, deputada Carol Dartora (PT-PR). Segundo a parlamentar, a maior parte dos estados j\u00e1 realiza o pagamento do piso salarial aos professores tempor\u00e1rios, utilizando o Fundeb como principal fonte de financiamento para essa despesa.<\/p>\n\n\n\n<p>O texto determina que o piso salarial se aplica aos professores tempor\u00e1rios da educa\u00e7\u00e3o b\u00e1sica com a forma\u00e7\u00e3o m\u00ednima exigida pela LDB. A regra tamb\u00e9m abrange profissionais que atuam no apoio pedag\u00f3gico, como dire\u00e7\u00e3o, supervis\u00e3o, orienta\u00e7\u00e3o e coordena\u00e7\u00e3o educacional.<\/p>\n\n\n\n<p>O tema tamb\u00e9m est\u00e1 sendo analisado pelo Supremo Tribunal Federal (STF). Os ministros avaliam um recurso do governo de Pernambuco contra a decis\u00e3o do Tribunal de Justi\u00e7a estadual, que garantiu o direito ao piso salarial a uma professora. A delibera\u00e7\u00e3o ter\u00e1 repercuss\u00e3o geral, ou seja, a tese definida pelo STF dever\u00e1 ser aplicada em casos semelhantes que tramitam nas inst\u00e2ncias inferiores da Justi\u00e7a.<\/p>\n\n\n\n<p><\/p>\n","protected":false},"excerpt":{"rendered":"<p>A C\u00e2mara dos Deputados aprovou, na \u00faltima ter\u00e7a-feira (14), o projeto de lei que assegura o pagamento do piso salarial aos professores tempor\u00e1rios da educa\u00e7\u00e3o b\u00e1sica. O valor definido para o piso do magist\u00e9rio \u00e9 de R$ 4.867,77 para uma jornada de 40 horas semanais. A proposta segue agora para an\u00e1lise e vota\u00e7\u00e3o no Senado [&hellip;]<\/p>\n","protected":false},"author":4,"featured_media":5084,"comment_status":"open","ping_status":"open","sticky":false,"template":"","format":"standard","meta":{"jnews-multi-image_gallery":[],"jnews_single_post":{"format":"standard"},"jnews_primary_category":[],"jnews_social_meta":[],"jnews_post_split":[],"footnotes":""},"categories":[1],"tags":[],"class_list":["post-6381","post","type-post","status-publish","format-standard","has-post-thumbnail","hentry","category-uncategorized"],"_links":{"self":[{"href":"https:\/\/diariodepernambuco.audiencelabs.com.br\/wp-json\/wp\/v2\/posts\/6381","targetHints":{"allow":["GET"]}}],"collection":[{"href":"https:\/\/diariodepernambuco.audiencelabs.com.br\/wp-json\/wp\/v2\/posts"}],"about":[{"href":"https:\/\/diariodepernambuco.audiencelabs.com.br\/wp-json\/wp\/v2\/types\/post"}],"author":[{"embeddable":true,"href":"https:\/\/diariodepernambuco.audiencelabs.com.br\/wp-json\/wp\/v2\/users\/4"}],"replies":[{"embeddable":true,"href":"https:\/\/diariodepernambuco.audiencelabs.com.br\/wp-json\/wp\/v2\/comments?post=6381"}],"version-history":[{"count":1,"href":"https:\/\/diariodepernambuco.audiencelabs.com.br\/wp-json\/wp\/v2\/posts\/6381\/revisions"}],"predecessor-version":[{"id":6382,"href":"https:\/\/diariodepernambuco.audiencelabs.com.br\/wp-json\/wp\/v2\/posts\/6381\/revisions\/6382"}],"wp:featuredmedia":[{"embeddable":true,"href":"https:\/\/diariodepernambuco.audiencelabs.com.br\/wp-json\/wp\/v2\/media\/5084"}],"wp:attachment":[{"href":"https:\/\/diariodepernambuco.audiencelabs.com.br\/wp-json\/wp\/v2\/media?parent=6381"}],"wp:term":[{"taxonomy":"category","embeddable":true,"href":"https:\/\/diariodepernambuco.audiencelabs.com.br\/wp-json\/wp\/v2\/categories?post=6381"},{"taxonomy":"post_tag","embeddable":true,"href":"https:\/\/diariodepernambuco.audiencelabs.com.br\/wp-json\/wp\/v2\/tags?post=6381"}],"curies":[{"name":"wp","href":"https:\/\/api.w.org\/{rel}","templated":true}]}}