{"id":6383,"date":"2025-10-17T10:30:00","date_gmt":"2025-10-17T13:30:00","guid":{"rendered":"https:\/\/diariodepernambuco.audiencelabs.com.br\/?p=6383"},"modified":"2025-10-16T11:25:27","modified_gmt":"2025-10-16T14:25:27","slug":"posso-usar-pix-parcelado-para-fazer-uma-super-compra","status":"publish","type":"post","link":"https:\/\/diariodepernambuco.audiencelabs.com.br\/posso-usar-pix-parcelado-para-fazer-uma-super-compra\/","title":{"rendered":"Posso usar Pix parcelado para fazer uma super compra?"},"content":{"rendered":"\n<p>O <a href=\"https:\/\/diariodepernambuco.com.br\/dpmais\/banco-central-faz-comunicado-urgente-sobre-uso-de-pix\/\" data-type=\"link\" data-id=\"https:\/\/diariodepernambuco.com.br\/dpmais\/banco-central-faz-comunicado-urgente-sobre-uso-de-pix\/\" target=\"_blank\" rel=\"noopener\">Pix parcelado<\/a> chegou para ampliar as op\u00e7\u00f5es de pagamento no Brasil, permitindo que consumidores realizem compras de maior valor mesmo sem um cart\u00e3o de cr\u00e9dito. Essa funcionalidade, que combina a agilidade do Pix com a possibilidade de parcelamento, est\u00e1 sendo oferecida por diversos bancos e fintechs.<\/p>\n\n\n\n<p>No entanto, \u00e9 essencial compreender que, embora o pagamento seja realizado via Pix, trata-se de uma opera\u00e7\u00e3o de cr\u00e9dito com juros, similar a um empr\u00e9stimo pessoal. Portanto, antes de optar pelo Pix parcelado, \u00e9 fundamental avaliar as taxas de juros, o prazo de pagamento e comparar com outras formas de cr\u00e9dito dispon\u00edveis, como o cart\u00e3o de cr\u00e9dito ou o empr\u00e9stimo pessoal.<\/p>\n\n\n\n<p>O funcionamento do Pix parcelado \u00e9 relativamente simples: o consumidor escolhe a op\u00e7\u00e3o de parcelamento na hora da compra, define o n\u00famero de parcelas e recebe a confirma\u00e7\u00e3o do valor total a ser pago, j\u00e1 com os juros inclu\u00eddos. Cada institui\u00e7\u00e3o financeira pode oferecer condi\u00e7\u00f5es diferentes, como prazos m\u00e1ximos e taxas de juros variadas, por isso \u00e9 importante pesquisar e comparar antes de finalizar a opera\u00e7\u00e3o.<\/p>\n\n\n\n<p>Apesar de ser uma alternativa pr\u00e1tica, o Pix parcelado deve ser usado com planejamento financeiro. Parcelar compras de alto valor pode comprometer o or\u00e7amento mensal se n\u00e3o houver controle adequado, j\u00e1 que os pagamentos se acumulam ao longo do tempo. Por isso, analisar a real necessidade da compra e a capacidade de pagamento \u00e9 essencial para evitar endividamento.<\/p>\n\n\n\n<p>Al\u00e9m disso, o consumidor deve ficar atento \u00e0s cobran\u00e7as adicionais, como taxas administrativas que algumas fintechs podem aplicar, e sempre conferir se a institui\u00e7\u00e3o escolhida est\u00e1 regulamentada pelo Banco Central. Dessa forma, \u00e9 poss\u00edvel aproveitar a conveni\u00eancia do Pix parcelado sem comprometer a sa\u00fade financeira.<\/p>\n\n\n\n<p><\/p>\n","protected":false},"excerpt":{"rendered":"<p>O Pix parcelado chegou para ampliar as op\u00e7\u00f5es de pagamento no Brasil, permitindo que consumidores realizem compras de maior valor mesmo sem um cart\u00e3o de cr\u00e9dito. Essa funcionalidade, que combina a agilidade do Pix com a possibilidade de parcelamento, est\u00e1 sendo oferecida por diversos bancos e fintechs. No entanto, \u00e9 essencial compreender que, embora o [&hellip;]<\/p>\n","protected":false},"author":4,"featured_media":6385,"comment_status":"open","ping_status":"open","sticky":false,"template":"","format":"standard","meta":{"jnews-multi-image_gallery":[],"jnews_single_post":{"format":"standard"},"jnews_primary_category":[],"jnews_social_meta":[],"jnews_post_split":[],"footnotes":""},"categories":[1],"tags":[],"class_list":["post-6383","post","type-post","status-publish","format-standard","has-post-thumbnail","hentry","category-uncategorized"],"_links":{"self":[{"href":"https:\/\/diariodepernambuco.audiencelabs.com.br\/wp-json\/wp\/v2\/posts\/6383","targetHints":{"allow":["GET"]}}],"collection":[{"href":"https:\/\/diariodepernambuco.audiencelabs.com.br\/wp-json\/wp\/v2\/posts"}],"about":[{"href":"https:\/\/diariodepernambuco.audiencelabs.com.br\/wp-json\/wp\/v2\/types\/post"}],"author":[{"embeddable":true,"href":"https:\/\/diariodepernambuco.audiencelabs.com.br\/wp-json\/wp\/v2\/users\/4"}],"replies":[{"embeddable":true,"href":"https:\/\/diariodepernambuco.audiencelabs.com.br\/wp-json\/wp\/v2\/comments?post=6383"}],"version-history":[{"count":3,"href":"https:\/\/diariodepernambuco.audiencelabs.com.br\/wp-json\/wp\/v2\/posts\/6383\/revisions"}],"predecessor-version":[{"id":6387,"href":"https:\/\/diariodepernambuco.audiencelabs.com.br\/wp-json\/wp\/v2\/posts\/6383\/revisions\/6387"}],"wp:featuredmedia":[{"embeddable":true,"href":"https:\/\/diariodepernambuco.audiencelabs.com.br\/wp-json\/wp\/v2\/media\/6385"}],"wp:attachment":[{"href":"https:\/\/diariodepernambuco.audiencelabs.com.br\/wp-json\/wp\/v2\/media?parent=6383"}],"wp:term":[{"taxonomy":"category","embeddable":true,"href":"https:\/\/diariodepernambuco.audiencelabs.com.br\/wp-json\/wp\/v2\/categories?post=6383"},{"taxonomy":"post_tag","embeddable":true,"href":"https:\/\/diariodepernambuco.audiencelabs.com.br\/wp-json\/wp\/v2\/tags?post=6383"}],"curies":[{"name":"wp","href":"https:\/\/api.w.org\/{rel}","templated":true}]}}