{"id":6396,"date":"2025-10-17T14:00:00","date_gmt":"2025-10-17T17:00:00","guid":{"rendered":"https:\/\/diariodepernambuco.audiencelabs.com.br\/?p=6396"},"modified":"2025-10-16T11:58:23","modified_gmt":"2025-10-16T14:58:23","slug":"renomada-companhia-aerea-agora-tem-pizza-nos-voos","status":"publish","type":"post","link":"https:\/\/diariodepernambuco.audiencelabs.com.br\/renomada-companhia-aerea-agora-tem-pizza-nos-voos\/","title":{"rendered":"Renomada companhia a\u00e9rea agora tem pizza nos voos"},"content":{"rendered":"\n<p>A Azul Linhas A\u00e9reas anunciou a volta de um dos servi\u00e7os mais curiosos e elogiados pelos passageiros: a oferta de pizza a bordo. A novidade estar\u00e1 dispon\u00edvel na classe econ\u00f4mica em voos internacionais com sa\u00edda do Aeroporto de Viracopos, em Campinas (SP), refor\u00e7ando a estrat\u00e9gia da companhia de combinar conforto, inova\u00e7\u00e3o e sabor em viagens de longa dura\u00e7\u00e3o.<\/p>\n\n\n\n<p>A partir da segunda quinzena de outubro, os passageiros com destino a Paris, Lisboa, Porto e Madri, na Europa, al\u00e9m de Orlando e Fort Lauderdale, nos Estados Unidos, poder\u00e3o saborear as op\u00e7\u00f5es margherita e calabresa durante o voo. Ser\u00e3o servidas 75 mil fatias ao longo de dois meses, em uma a\u00e7\u00e3o que tamb\u00e9m consolida a parceria da Azul com a Pizza Prime, maior rede brasileira de pizzarias.<\/p>\n\n\n\n<p>A parceria entre a companhia a\u00e9rea e a rede de pizzarias teve in\u00edcio em maio deste ano, quando 48 mil fatias de pizza foram servidas nos voos entre o Brasil e a Fl\u00f3rida. A iniciativa foi muito bem recebida pelos passageiros, gerando repercuss\u00e3o positiva e muitos compartilhamentos da experi\u00eancia nas redes sociais.<\/p>\n\n\n\n<p>De acordo com Jason Ward, vice-presidente de Marketing e Pessoas da Azul, o retorno da pizza a bordo \u00e9 um reflexo direto do sucesso da a\u00e7\u00e3o anterior: &#8220;A parceria foi um sucesso e recebemos feedback muito positivo de nossos Clientes, que se surpreenderam com a oferta de pizza a bordo. Por isso, decidimos retomar a iniciativa&#8221;.<\/p>\n\n\n\n<p>A oferta de pizza em voos internacionais representa uma estrat\u00e9gia que une identidade nacional e conforto gastron\u00f4mico. A Azul busca se destacar n\u00e3o apenas pela excel\u00eancia da frota e dos servi\u00e7os, mas tamb\u00e9m por proporcionar uma experi\u00eancia de bordo diferenciada, que valoriza o paladar do passageiro brasileiro.<\/p>\n\n\n\n<p>Especialistas do setor a\u00e9reo apontam que iniciativas como essa contribuem para gerar valor emocional e fortalecimento da marca, tornando a viagem ainda mais memor\u00e1vel. A inclus\u00e3o de produtos tipicamente brasileiros em voos internacionais tamb\u00e9m atua como uma estrat\u00e9gia de marketing cultural, ajudando a refor\u00e7ar a imagem do Brasil no exterior.<\/p>\n","protected":false},"excerpt":{"rendered":"<p>A Azul Linhas A\u00e9reas anunciou a volta de um dos servi\u00e7os mais curiosos e elogiados pelos passageiros: a oferta de pizza a bordo. A novidade estar\u00e1 dispon\u00edvel na classe econ\u00f4mica em voos internacionais com sa\u00edda do Aeroporto de Viracopos, em Campinas (SP), refor\u00e7ando a estrat\u00e9gia da companhia de combinar conforto, inova\u00e7\u00e3o e sabor em viagens [&hellip;]<\/p>\n","protected":false},"author":4,"featured_media":6398,"comment_status":"open","ping_status":"open","sticky":false,"template":"","format":"standard","meta":{"jnews-multi-image_gallery":[],"jnews_single_post":{"format":"standard"},"jnews_primary_category":[],"jnews_social_meta":[],"jnews_post_split":[],"footnotes":""},"categories":[1],"tags":[],"class_list":["post-6396","post","type-post","status-publish","format-standard","has-post-thumbnail","hentry","category-uncategorized"],"_links":{"self":[{"href":"https:\/\/diariodepernambuco.audiencelabs.com.br\/wp-json\/wp\/v2\/posts\/6396","targetHints":{"allow":["GET"]}}],"collection":[{"href":"https:\/\/diariodepernambuco.audiencelabs.com.br\/wp-json\/wp\/v2\/posts"}],"about":[{"href":"https:\/\/diariodepernambuco.audiencelabs.com.br\/wp-json\/wp\/v2\/types\/post"}],"author":[{"embeddable":true,"href":"https:\/\/diariodepernambuco.audiencelabs.com.br\/wp-json\/wp\/v2\/users\/4"}],"replies":[{"embeddable":true,"href":"https:\/\/diariodepernambuco.audiencelabs.com.br\/wp-json\/wp\/v2\/comments?post=6396"}],"version-history":[{"count":2,"href":"https:\/\/diariodepernambuco.audiencelabs.com.br\/wp-json\/wp\/v2\/posts\/6396\/revisions"}],"predecessor-version":[{"id":6399,"href":"https:\/\/diariodepernambuco.audiencelabs.com.br\/wp-json\/wp\/v2\/posts\/6396\/revisions\/6399"}],"wp:featuredmedia":[{"embeddable":true,"href":"https:\/\/diariodepernambuco.audiencelabs.com.br\/wp-json\/wp\/v2\/media\/6398"}],"wp:attachment":[{"href":"https:\/\/diariodepernambuco.audiencelabs.com.br\/wp-json\/wp\/v2\/media?parent=6396"}],"wp:term":[{"taxonomy":"category","embeddable":true,"href":"https:\/\/diariodepernambuco.audiencelabs.com.br\/wp-json\/wp\/v2\/categories?post=6396"},{"taxonomy":"post_tag","embeddable":true,"href":"https:\/\/diariodepernambuco.audiencelabs.com.br\/wp-json\/wp\/v2\/tags?post=6396"}],"curies":[{"name":"wp","href":"https:\/\/api.w.org\/{rel}","templated":true}]}}