{"id":6404,"date":"2025-10-17T15:00:00","date_gmt":"2025-10-17T18:00:00","guid":{"rendered":"https:\/\/diariodepernambuco.audiencelabs.com.br\/?p=6404"},"modified":"2025-10-17T13:23:21","modified_gmt":"2025-10-17T16:23:21","slug":"como-ganhar-um-indenizacao-no-trabalho-se-eu-sofrer-um-acidente","status":"publish","type":"post","link":"https:\/\/diariodepernambuco.audiencelabs.com.br\/como-ganhar-um-indenizacao-no-trabalho-se-eu-sofrer-um-acidente\/","title":{"rendered":"Como ganhar uma indeniza\u00e7\u00e3o no trabalho se eu sofrer um acidente?"},"content":{"rendered":"\n<p>Sofrer um acidente de trabalho pode trazer consequ\u00eancias f\u00edsicas, emocionais e financeiras significativas, tornando essencial conhecer os direitos do trabalhador nessas situa\u00e7\u00f5es. Receber uma indeniza\u00e7\u00e3o adequada garante n\u00e3o apenas o ressarcimento por danos materiais e morais, mas tamb\u00e9m apoio durante o per\u00edodo de recupera\u00e7\u00e3o.<\/p>\n\n\n\n<p>Para ter direito a uma indeniza\u00e7\u00e3o, o trabalhador precisa comprovar que o acidente ocorreu durante o desempenho de suas fun\u00e7\u00f5es ou em raz\u00e3o do trabalho, caracterizando o chamado acidente de trabalho. Isso inclui n\u00e3o apenas quedas ou acidentes f\u00edsicos, mas tamb\u00e9m doen\u00e7as ocupacionais que surgem devido \u00e0s condi\u00e7\u00f5es do ambiente de trabalho.<\/p>\n\n\n\n<p>\u00c9 fundamental reunir documentos m\u00e9dicos, registros de ocorr\u00eancia e testemunhos que comprovem a rela\u00e7\u00e3o entre o acidente e a atividade profissional. Al\u00e9m disso, o processo pode envolver a empresa, o INSS e, em alguns casos, a Justi\u00e7a do Trabalho, dependendo da complexidade do caso.<\/p>\n\n\n\n<p>O trabalhador pode solicitar indeniza\u00e7\u00e3o por danos materiais, como despesas m\u00e9dicas e perda de renda, e por danos morais, quando h\u00e1 sofrimento ou impacto emocional decorrente do acidente. Buscar orienta\u00e7\u00e3o de um advogado especializado em direito trabalhista aumenta as chances de obter uma compensa\u00e7\u00e3o justa e adequada.<\/p>\n\n\n\n<h2 class=\"wp-block-heading\">Passos pr\u00e1ticos para garantir seus direitos e receber indeniza\u00e7\u00e3o<\/h2>\n\n\n\n<p>O primeiro passo para garantir a indeniza\u00e7\u00e3o \u00e9 comunicar imediatamente o acidente \u00e0 empresa e solicitar o registro formal, conhecido como Comunica\u00e7\u00e3o de Acidente de Trabalho (CAT). Esse documento \u00e9 essencial para que o trabalhador tenha prova oficial do ocorrido e possa iniciar os tr\u00e2mites junto ao INSS e \u00e0 Justi\u00e7a do Trabalho, se necess\u00e1rio.<\/p>\n\n\n\n<p>Al\u00e9m disso, \u00e9 importante manter todas as evid\u00eancias m\u00e9dicas e registros financeiros relacionados ao acidente, como recibos de consultas, exames e comprovantes de gastos com tratamento. A organiza\u00e7\u00e3o desses documentos, aliada \u00e0 orienta\u00e7\u00e3o de um advogado especializado, facilita a an\u00e1lise do caso e aumenta as chances de que a indeniza\u00e7\u00e3o cubra tanto os danos materiais quanto os morais decorrentes do acidente.<\/p>\n\n\n\n<p><\/p>\n","protected":false},"excerpt":{"rendered":"<p>Sofrer um acidente de trabalho pode trazer consequ\u00eancias f\u00edsicas, emocionais e financeiras significativas, tornando essencial conhecer os direitos do trabalhador nessas situa\u00e7\u00f5es. Receber uma indeniza\u00e7\u00e3o adequada garante n\u00e3o apenas o ressarcimento por danos materiais e morais, mas tamb\u00e9m apoio durante o per\u00edodo de recupera\u00e7\u00e3o. Para ter direito a uma indeniza\u00e7\u00e3o, o trabalhador precisa comprovar que [&hellip;]<\/p>\n","protected":false},"author":4,"featured_media":1014,"comment_status":"open","ping_status":"open","sticky":false,"template":"","format":"standard","meta":{"jnews-multi-image_gallery":[],"jnews_single_post":{"format":"standard"},"jnews_primary_category":[],"jnews_social_meta":[],"jnews_post_split":[],"footnotes":""},"categories":[1],"tags":[],"class_list":["post-6404","post","type-post","status-publish","format-standard","has-post-thumbnail","hentry","category-uncategorized"],"_links":{"self":[{"href":"https:\/\/diariodepernambuco.audiencelabs.com.br\/wp-json\/wp\/v2\/posts\/6404","targetHints":{"allow":["GET"]}}],"collection":[{"href":"https:\/\/diariodepernambuco.audiencelabs.com.br\/wp-json\/wp\/v2\/posts"}],"about":[{"href":"https:\/\/diariodepernambuco.audiencelabs.com.br\/wp-json\/wp\/v2\/types\/post"}],"author":[{"embeddable":true,"href":"https:\/\/diariodepernambuco.audiencelabs.com.br\/wp-json\/wp\/v2\/users\/4"}],"replies":[{"embeddable":true,"href":"https:\/\/diariodepernambuco.audiencelabs.com.br\/wp-json\/wp\/v2\/comments?post=6404"}],"version-history":[{"count":4,"href":"https:\/\/diariodepernambuco.audiencelabs.com.br\/wp-json\/wp\/v2\/posts\/6404\/revisions"}],"predecessor-version":[{"id":6547,"href":"https:\/\/diariodepernambuco.audiencelabs.com.br\/wp-json\/wp\/v2\/posts\/6404\/revisions\/6547"}],"wp:featuredmedia":[{"embeddable":true,"href":"https:\/\/diariodepernambuco.audiencelabs.com.br\/wp-json\/wp\/v2\/media\/1014"}],"wp:attachment":[{"href":"https:\/\/diariodepernambuco.audiencelabs.com.br\/wp-json\/wp\/v2\/media?parent=6404"}],"wp:term":[{"taxonomy":"category","embeddable":true,"href":"https:\/\/diariodepernambuco.audiencelabs.com.br\/wp-json\/wp\/v2\/categories?post=6404"},{"taxonomy":"post_tag","embeddable":true,"href":"https:\/\/diariodepernambuco.audiencelabs.com.br\/wp-json\/wp\/v2\/tags?post=6404"}],"curies":[{"name":"wp","href":"https:\/\/api.w.org\/{rel}","templated":true}]}}