{"id":6408,"date":"2025-10-16T12:57:06","date_gmt":"2025-10-16T15:57:06","guid":{"rendered":"https:\/\/diariodepernambuco.audiencelabs.com.br\/?p=6408"},"modified":"2025-10-16T12:57:09","modified_gmt":"2025-10-16T15:57:09","slug":"oficial-governo-bateu-o-martelo-e-jornada-de-trabalho-de-13-horas-foi-confirmada-neste-pais","status":"publish","type":"post","link":"https:\/\/diariodepernambuco.audiencelabs.com.br\/oficial-governo-bateu-o-martelo-e-jornada-de-trabalho-de-13-horas-foi-confirmada-neste-pais\/","title":{"rendered":"Oficial! Governo bateu o martelo e jornada de trabalho de 13 horas foi confirmada neste pa\u00eds"},"content":{"rendered":"\n<p>O Parlamento da Gr\u00e9cia aprovou, nesta quinta-feira (16), um pol\u00eamico projeto de lei que autoriza jornadas de trabalho de at\u00e9 13 horas di\u00e1rias em situa\u00e7\u00f5es espec\u00edficas. A medida contou com o apoio do governo do primeiro-ministro conservador Kyri\u00e1kos Mitsot\u00e1kis, do partido Nova Democracia, enquanto a oposi\u00e7\u00e3o critica a iniciativa, acusando-a de enfraquecer os direitos dos trabalhadores.<\/p>\n\n\n\n<p>A nova lei permite que os funcion\u00e1rios trabalhem at\u00e9 13 horas por dia para o mesmo empregador em at\u00e9 37 dias por ano, quando anteriormente a carga hor\u00e1ria m\u00e1xima no pa\u00eds era de oito horas di\u00e1rias. Segundo o governo, a jornada estendida ser\u00e1 volunt\u00e1ria, e o trabalhador que aceitar ter\u00e1 um acr\u00e9scimo de 40% no sal\u00e1rio correspondente ao aumento da carga.<\/p>\n\n\n\n<p>O projeto foi aprovado ap\u00f3s dois dias de intensos debates no Parlamento e em meio a duas greves gerais realizadas neste m\u00eas por sindicatos. O partido de esquerda Syriza, que governou a Gr\u00e9cia entre 2015 e 2019, criticou a medida, classificando-a como \u201cdigna da Idade M\u00e9dia\u201d.<\/p>\n\n\n\n<p>Mesmo antes da aprova\u00e7\u00e3o deste novo projeto de lei, o governo conservador do primeiro-ministro Kyriakos Mitsot\u00e1kis j\u00e1 havia tornado o mercado de trabalho grego um dos mais \u201cflex\u00edveis\u201d da Europa. Desde julho de 2024, trabalhadores da ind\u00fastria, com\u00e9rcio, agricultura e de determinados servi\u00e7os podem ser obrigados a trabalhar seis dias por semana, caso o empregador assim determine.<\/p>\n\n\n\n<p>Devido aos sal\u00e1rios baixos, muitos trabalhadores na Gr\u00e9cia t\u00eam dois empregos e chegam a trabalhar at\u00e9 13 horas por dia. A nova lei permitir\u00e1 que essa carga seja cumprida para um \u00fanico empregador, mas ainda permanece a quest\u00e3o de por que tantas pessoas n\u00e3o conseguem se sustentar com um emprego de 40 horas semanais.<\/p>\n\n\n\n<p><\/p>\n","protected":false},"excerpt":{"rendered":"<p>O Parlamento da Gr\u00e9cia aprovou, nesta quinta-feira (16), um pol\u00eamico projeto de lei que autoriza jornadas de trabalho de at\u00e9 13 horas di\u00e1rias em situa\u00e7\u00f5es espec\u00edficas. A medida contou com o apoio do governo do primeiro-ministro conservador Kyri\u00e1kos Mitsot\u00e1kis, do partido Nova Democracia, enquanto a oposi\u00e7\u00e3o critica a iniciativa, acusando-a de enfraquecer os direitos dos [&hellip;]<\/p>\n","protected":false},"author":4,"featured_media":6409,"comment_status":"open","ping_status":"open","sticky":false,"template":"","format":"standard","meta":{"jnews-multi-image_gallery":[],"jnews_single_post":{"format":"standard"},"jnews_primary_category":[],"jnews_social_meta":[],"jnews_post_split":[],"footnotes":""},"categories":[1],"tags":[],"class_list":["post-6408","post","type-post","status-publish","format-standard","has-post-thumbnail","hentry","category-uncategorized"],"_links":{"self":[{"href":"https:\/\/diariodepernambuco.audiencelabs.com.br\/wp-json\/wp\/v2\/posts\/6408","targetHints":{"allow":["GET"]}}],"collection":[{"href":"https:\/\/diariodepernambuco.audiencelabs.com.br\/wp-json\/wp\/v2\/posts"}],"about":[{"href":"https:\/\/diariodepernambuco.audiencelabs.com.br\/wp-json\/wp\/v2\/types\/post"}],"author":[{"embeddable":true,"href":"https:\/\/diariodepernambuco.audiencelabs.com.br\/wp-json\/wp\/v2\/users\/4"}],"replies":[{"embeddable":true,"href":"https:\/\/diariodepernambuco.audiencelabs.com.br\/wp-json\/wp\/v2\/comments?post=6408"}],"version-history":[{"count":1,"href":"https:\/\/diariodepernambuco.audiencelabs.com.br\/wp-json\/wp\/v2\/posts\/6408\/revisions"}],"predecessor-version":[{"id":6410,"href":"https:\/\/diariodepernambuco.audiencelabs.com.br\/wp-json\/wp\/v2\/posts\/6408\/revisions\/6410"}],"wp:featuredmedia":[{"embeddable":true,"href":"https:\/\/diariodepernambuco.audiencelabs.com.br\/wp-json\/wp\/v2\/media\/6409"}],"wp:attachment":[{"href":"https:\/\/diariodepernambuco.audiencelabs.com.br\/wp-json\/wp\/v2\/media?parent=6408"}],"wp:term":[{"taxonomy":"category","embeddable":true,"href":"https:\/\/diariodepernambuco.audiencelabs.com.br\/wp-json\/wp\/v2\/categories?post=6408"},{"taxonomy":"post_tag","embeddable":true,"href":"https:\/\/diariodepernambuco.audiencelabs.com.br\/wp-json\/wp\/v2\/tags?post=6408"}],"curies":[{"name":"wp","href":"https:\/\/api.w.org\/{rel}","templated":true}]}}