{"id":6417,"date":"2025-10-17T19:00:00","date_gmt":"2025-10-17T22:00:00","guid":{"rendered":"https:\/\/diariodepernambuco.audiencelabs.com.br\/?p=6417"},"modified":"2025-10-16T13:55:01","modified_gmt":"2025-10-16T16:55:01","slug":"caixa-libera-mais-de-r-40-bilhoes-para-distribuir-aos-brasileiros-atraves-de-imoveis","status":"publish","type":"post","link":"https:\/\/diariodepernambuco.audiencelabs.com.br\/caixa-libera-mais-de-r-40-bilhoes-para-distribuir-aos-brasileiros-atraves-de-imoveis\/","title":{"rendered":"Caixa libera mais de R$ 40 bilh\u00f5es para distribuir aos brasileiros atrav\u00e9s de im\u00f3veis"},"content":{"rendered":"\n<p>Buscando reconquistar a classe m\u00e9dia brasileira e fortalecer seu apoio pol\u00edtico rumo \u00e0s elei\u00e7\u00f5es de 2026, o presidente Luiz In\u00e1cio Lula da Silva definiu uma nova estrat\u00e9gia para a Caixa Econ\u00f4mica Federal: posicionar novamente o banco p\u00fablico como protagonista no financiamento de im\u00f3veis de m\u00e9dio e alto padr\u00e3o.<\/p>\n\n\n\n<p>A resposta da Caixa foi r\u00e1pida. Na semana passada, a institui\u00e7\u00e3o anunciou a amplia\u00e7\u00e3o da cota de financiamento de im\u00f3veis residenciais de 70% para 80% e a inclus\u00e3o de unidades de at\u00e9 R$ 2,25 milh\u00f5es no Sistema Financeiro da Habita\u00e7\u00e3o (SFH).<\/p>\n\n\n\n<p>O movimento integra um novo modelo de neg\u00f3cios que, de acordo com o presidente da Caixa, Carlos Vieira, possibilitar\u00e1 a libera\u00e7\u00e3o de at\u00e9 R$ 40 bilh\u00f5es em novos cr\u00e9ditos imobili\u00e1rios ao longo dos pr\u00f3ximos 12 meses. Vieira tamb\u00e9m afirmou que a decis\u00e3o teve origem direta no Pal\u00e1cio do Planalto.<\/p>\n\n\n\n<p>&#8220;Esse foi um pedido dele (Lula). Acho que n\u00e3o \u00e9 ileg\u00edtimo. \u00c9 por isso que foi criada a faixa 4 do Minha Casa, Minha Vida. E agora tem essa complementa\u00e7\u00e3o do SBPE, mas n\u00e3o \u00e9 s\u00f3 para a classe m\u00e9dia&#8221;, disse. Lula tenta reconstruir a liga\u00e7\u00e3o com a classe m\u00e9dia urbana, setor que migrou em grande parte para a oposi\u00e7\u00e3o nas \u00faltimas elei\u00e7\u00f5es.<\/p>\n\n\n\n<h2 class=\"wp-block-heading\">Amplia\u00e7\u00e3o do cr\u00e9dito imobili\u00e1rio e nova fase do SBPE<\/h2>\n\n\n\n<p>A Caixa Econ\u00f4mica Federal iniciou uma nova etapa no Sistema Brasileiro de Poupan\u00e7a e Empr\u00e9stimo (SBPE), focando na amplia\u00e7\u00e3o do cr\u00e9dito imobili\u00e1rio para atender im\u00f3veis de m\u00e9dio e alto padr\u00e3o.<\/p>\n\n\n\n<p>Com a amplia\u00e7\u00e3o da cota de financiamento e a inclus\u00e3o de unidades de at\u00e9 R$ 2,25 milh\u00f5es no Sistema Financeiro da Habita\u00e7\u00e3o (SFH), o banco busca tornar mais acess\u00edvel a aquisi\u00e7\u00e3o de im\u00f3veis que antes eram restritos a financiamentos privados. Essa movimenta\u00e7\u00e3o visa n\u00e3o apenas impulsionar o mercado imobili\u00e1rio, mas tamb\u00e9m fortalecer o papel da Caixa como protagonista no segmento.<\/p>\n","protected":false},"excerpt":{"rendered":"<p>Buscando reconquistar a classe m\u00e9dia brasileira e fortalecer seu apoio pol\u00edtico rumo \u00e0s elei\u00e7\u00f5es de 2026, o presidente Luiz In\u00e1cio Lula da Silva definiu uma nova estrat\u00e9gia para a Caixa Econ\u00f4mica Federal: posicionar novamente o banco p\u00fablico como protagonista no financiamento de im\u00f3veis de m\u00e9dio e alto padr\u00e3o. A resposta da Caixa foi r\u00e1pida. Na [&hellip;]<\/p>\n","protected":false},"author":4,"featured_media":1686,"comment_status":"open","ping_status":"open","sticky":false,"template":"","format":"standard","meta":{"jnews-multi-image_gallery":[],"jnews_single_post":[],"jnews_primary_category":[],"jnews_social_meta":[],"jnews_post_split":[],"footnotes":""},"categories":[1],"tags":[],"class_list":["post-6417","post","type-post","status-publish","format-standard","has-post-thumbnail","hentry","category-uncategorized"],"_links":{"self":[{"href":"https:\/\/diariodepernambuco.audiencelabs.com.br\/wp-json\/wp\/v2\/posts\/6417","targetHints":{"allow":["GET"]}}],"collection":[{"href":"https:\/\/diariodepernambuco.audiencelabs.com.br\/wp-json\/wp\/v2\/posts"}],"about":[{"href":"https:\/\/diariodepernambuco.audiencelabs.com.br\/wp-json\/wp\/v2\/types\/post"}],"author":[{"embeddable":true,"href":"https:\/\/diariodepernambuco.audiencelabs.com.br\/wp-json\/wp\/v2\/users\/4"}],"replies":[{"embeddable":true,"href":"https:\/\/diariodepernambuco.audiencelabs.com.br\/wp-json\/wp\/v2\/comments?post=6417"}],"version-history":[{"count":3,"href":"https:\/\/diariodepernambuco.audiencelabs.com.br\/wp-json\/wp\/v2\/posts\/6417\/revisions"}],"predecessor-version":[{"id":6420,"href":"https:\/\/diariodepernambuco.audiencelabs.com.br\/wp-json\/wp\/v2\/posts\/6417\/revisions\/6420"}],"wp:featuredmedia":[{"embeddable":true,"href":"https:\/\/diariodepernambuco.audiencelabs.com.br\/wp-json\/wp\/v2\/media\/1686"}],"wp:attachment":[{"href":"https:\/\/diariodepernambuco.audiencelabs.com.br\/wp-json\/wp\/v2\/media?parent=6417"}],"wp:term":[{"taxonomy":"category","embeddable":true,"href":"https:\/\/diariodepernambuco.audiencelabs.com.br\/wp-json\/wp\/v2\/categories?post=6417"},{"taxonomy":"post_tag","embeddable":true,"href":"https:\/\/diariodepernambuco.audiencelabs.com.br\/wp-json\/wp\/v2\/tags?post=6417"}],"curies":[{"name":"wp","href":"https:\/\/api.w.org\/{rel}","templated":true}]}}