{"id":6457,"date":"2025-10-19T01:11:00","date_gmt":"2025-10-19T04:11:00","guid":{"rendered":"https:\/\/diariodepernambuco.audiencelabs.com.br\/?p=6457"},"modified":"2025-10-16T15:51:08","modified_gmt":"2025-10-16T18:51:08","slug":"empresa-tao-amada-pelos-brasileiros-finalmente-esta-de-volta-apos-falencia","status":"publish","type":"post","link":"https:\/\/diariodepernambuco.audiencelabs.com.br\/empresa-tao-amada-pelos-brasileiros-finalmente-esta-de-volta-apos-falencia\/","title":{"rendered":"Empresa t\u00e3o amada pelos brasileiros finalmente est\u00e1 de volta ap\u00f3s fal\u00eancia"},"content":{"rendered":"\n<p>Uma gigante do varejo internacional retorna ao Brasil ap\u00f3s dez anos fora do mercado. A Mango, marca espanhola conhecida pelo estilo elegante e pre\u00e7os acess\u00edveis, havia encerrado suas opera\u00e7\u00f5es no pa\u00eds em 2013, surpreendendo os consumidores. Em 2024, a empresa voltou com uma nova proposta e uma estrat\u00e9gia modernizada para reconquistar o p\u00fablico brasileiro.<\/p>\n\n\n\n<p>Fundada em Barcelona em 1984, a Mango se destacou no mundo todo por suas cole\u00e7\u00f5es de alfaiataria atemporal e estilo casual cl\u00e1ssico. No Brasil, conquistou consumidores que buscavam pe\u00e7as sofisticadas e vers\u00e1teis. No entanto, desafios como a alta carga tribut\u00e1ria e a burocracia acabaram levando \u00e0 sa\u00edda da marca do pa\u00eds.<\/p>\n\n\n\n<p>Na \u00e9poca, a tentativa de manter as vendas pelo com\u00e9rcio eletr\u00f4nico tamb\u00e9m n\u00e3o deu certo, principalmente devido \u00e0 baixa ades\u00e3o dos brasileiros \u00e0s compras online. Hoje, por\u00e9m, o cen\u00e1rio \u00e9 diferente. Com a transforma\u00e7\u00e3o digital dos \u00faltimos anos, os h\u00e1bitos de consumo evolu\u00edram, e os brasileiros est\u00e3o muito mais familiarizados e receptivos \u00e0s compras digitais.<\/p>\n\n\n\n<p>Aproveitando essa nova realidade, a Mango optou por um retorno estrat\u00e9gico ao Brasil por meio de uma parceria exclusiva com a Dafiti, uma das maiores plataformas de e-commerce de moda da Am\u00e9rica Latina. Enquanto a Dafiti fortalece sua posi\u00e7\u00e3o como curadora de grandes marcas internacionais, a Mango retoma sua expans\u00e3o global com foco no p\u00fablico digital e conectado.<\/p>\n\n\n\n<h2 class=\"wp-block-heading\">Detalhes da nova cole\u00e7\u00e3o da Mango<\/h2>\n\n\n\n<p>A nova cole\u00e7\u00e3o da Mango no Brasil, dispon\u00edvel exclusivamente na Dafiti, traz pe\u00e7as que combinam eleg\u00e2ncia e praticidade. Entre os destaques est\u00e3o itens de alfaiataria minimalista, su\u00e9teres e tric\u00f4s sofisticados, pe\u00e7as jeanswear e acess\u00f3rios, voltados para um p\u00fablico que valoriza estilo e conforto no dia a dia, seguindo as tend\u00eancias globais da marca.<\/p>\n\n\n\n<p>Apesar do retorno promissor, a reestreia da Mango n\u00e3o agradou a todos. Atualmente, as pe\u00e7as dispon\u00edveis v\u00e3o apenas at\u00e9 o tamanho GG, deixando de fora parte significativa dos consumidores que buscam moda inclusiva.<\/p>\n\n\n\n<p><\/p>\n","protected":false},"excerpt":{"rendered":"<p>Uma gigante do varejo internacional retorna ao Brasil ap\u00f3s dez anos fora do mercado. A Mango, marca espanhola conhecida pelo estilo elegante e pre\u00e7os acess\u00edveis, havia encerrado suas opera\u00e7\u00f5es no pa\u00eds em 2013, surpreendendo os consumidores. Em 2024, a empresa voltou com uma nova proposta e uma estrat\u00e9gia modernizada para reconquistar o p\u00fablico brasileiro. Fundada [&hellip;]<\/p>\n","protected":false},"author":4,"featured_media":6461,"comment_status":"open","ping_status":"open","sticky":false,"template":"","format":"standard","meta":{"jnews-multi-image_gallery":[],"jnews_single_post":{"format":"standard"},"jnews_primary_category":[],"jnews_social_meta":[],"jnews_post_split":[],"footnotes":""},"categories":[1],"tags":[],"class_list":["post-6457","post","type-post","status-publish","format-standard","has-post-thumbnail","hentry","category-uncategorized"],"_links":{"self":[{"href":"https:\/\/diariodepernambuco.audiencelabs.com.br\/wp-json\/wp\/v2\/posts\/6457","targetHints":{"allow":["GET"]}}],"collection":[{"href":"https:\/\/diariodepernambuco.audiencelabs.com.br\/wp-json\/wp\/v2\/posts"}],"about":[{"href":"https:\/\/diariodepernambuco.audiencelabs.com.br\/wp-json\/wp\/v2\/types\/post"}],"author":[{"embeddable":true,"href":"https:\/\/diariodepernambuco.audiencelabs.com.br\/wp-json\/wp\/v2\/users\/4"}],"replies":[{"embeddable":true,"href":"https:\/\/diariodepernambuco.audiencelabs.com.br\/wp-json\/wp\/v2\/comments?post=6457"}],"version-history":[{"count":2,"href":"https:\/\/diariodepernambuco.audiencelabs.com.br\/wp-json\/wp\/v2\/posts\/6457\/revisions"}],"predecessor-version":[{"id":6462,"href":"https:\/\/diariodepernambuco.audiencelabs.com.br\/wp-json\/wp\/v2\/posts\/6457\/revisions\/6462"}],"wp:featuredmedia":[{"embeddable":true,"href":"https:\/\/diariodepernambuco.audiencelabs.com.br\/wp-json\/wp\/v2\/media\/6461"}],"wp:attachment":[{"href":"https:\/\/diariodepernambuco.audiencelabs.com.br\/wp-json\/wp\/v2\/media?parent=6457"}],"wp:term":[{"taxonomy":"category","embeddable":true,"href":"https:\/\/diariodepernambuco.audiencelabs.com.br\/wp-json\/wp\/v2\/categories?post=6457"},{"taxonomy":"post_tag","embeddable":true,"href":"https:\/\/diariodepernambuco.audiencelabs.com.br\/wp-json\/wp\/v2\/tags?post=6457"}],"curies":[{"name":"wp","href":"https:\/\/api.w.org\/{rel}","templated":true}]}}