{"id":6471,"date":"2025-10-19T02:22:00","date_gmt":"2025-10-19T05:22:00","guid":{"rendered":"https:\/\/diariodepernambuco.audiencelabs.com.br\/?p=6471"},"modified":"2025-10-17T13:35:34","modified_gmt":"2025-10-17T16:35:34","slug":"saque-de-r-1-000-esta-liberado-para-milhares-de-brasileiros-na-caixa","status":"publish","type":"post","link":"https:\/\/diariodepernambuco.audiencelabs.com.br\/saque-de-r-1-000-esta-liberado-para-milhares-de-brasileiros-na-caixa\/","title":{"rendered":"Saque de R$ 1.000 ser\u00e1 liberado para milhares de brasileiros na Caixa"},"content":{"rendered":"\n<p>A Caixa Econ\u00f4mica Federal anunciou que, a partir de 20 de outubro, iniciar\u00e1 o pagamento de valores entre R$ 600 e R$ 1.000 para benefici\u00e1rios de todos os CPFs. Os dep\u00f3sitos ser\u00e3o feitos diretamente nas contas do Caixa Tem, seguindo o calend\u00e1rio oficial do Bolsa Fam\u00edlia.<\/p>\n\n\n\n<p>O objetivo \u00e9 garantir renda \u00e0s fam\u00edlias em situa\u00e7\u00e3o de vulnerabilidade, ajudando-as a manter despesas b\u00e1sicas e organizar o or\u00e7amento no fim do ano. Os repasses fazem parte do programa Bolsa Fam\u00edlia, pago mensalmente pelo Governo Federal e operacionalizado pela Caixa.<\/p>\n\n\n\n<p>O benef\u00edcio \u00e9 destinado a fam\u00edlias com renda mensal de at\u00e9 R$ 218 por pessoa e com o Cadastro \u00danico (Cad\u00danico) atualizado. De acordo com o banco, o valor exato varia conforme o perfil familiar, o cumprimento das regras e o n\u00famero de dependentes inclu\u00eddos nos adicionais do programa.<\/p>\n\n\n\n<p>Al\u00e9m do valor m\u00ednimo de R$ 600, o Bolsa Fam\u00edlia pode incluir benef\u00edcios extras que elevam o total pago \u00e0s fam\u00edlias, alcan\u00e7ando at\u00e9 R$ 1.000 em alguns casos. Entre esses adicionais est\u00e3o o Benef\u00edcio Vari\u00e1vel Familiar, que concede R$ 50 por crian\u00e7a ou adolescente entre 7 e 18 anos, e o Benef\u00edcio Primeira Inf\u00e2ncia, que adiciona R$ 150 por crian\u00e7a de at\u00e9 6 anos. Tamb\u00e9m h\u00e1 valores complementares para gestantes e nutrizes.<\/p>\n\n\n\n<p>Os pagamentos seguir\u00e3o o calend\u00e1rio escalonado conforme o n\u00famero final do NIS (N\u00famero de Identifica\u00e7\u00e3o Social), e o saque poder\u00e1 ser feito diretamente nas ag\u00eancias da Caixa, lot\u00e9ricas ou por meio do aplicativo Caixa Tem. A institui\u00e7\u00e3o refor\u00e7a a import\u00e2ncia de manter o Cad\u00danico atualizado para evitar bloqueios ou atrasos no recebimento.<\/p>\n\n\n\n<p>Com a libera\u00e7\u00e3o, o Governo Federal busca n\u00e3o apenas garantir o m\u00ednimo necess\u00e1rio \u00e0 subsist\u00eancia das fam\u00edlias em situa\u00e7\u00e3o de vulnerabilidade, mas tamb\u00e9m estimular a economia local, j\u00e1 que boa parte desses recursos \u00e9 utilizada em compras essenciais, como alimenta\u00e7\u00e3o e produtos dom\u00e9sticos.<\/p>\n\n\n\n<p><\/p>\n","protected":false},"excerpt":{"rendered":"<p>A Caixa Econ\u00f4mica Federal anunciou que, a partir de 20 de outubro, iniciar\u00e1 o pagamento de valores entre R$ 600 e R$ 1.000 para benefici\u00e1rios de todos os CPFs. Os dep\u00f3sitos ser\u00e3o feitos diretamente nas contas do Caixa Tem, seguindo o calend\u00e1rio oficial do Bolsa Fam\u00edlia. O objetivo \u00e9 garantir renda \u00e0s fam\u00edlias em situa\u00e7\u00e3o [&hellip;]<\/p>\n","protected":false},"author":4,"featured_media":3391,"comment_status":"open","ping_status":"open","sticky":false,"template":"","format":"standard","meta":{"jnews-multi-image_gallery":[],"jnews_single_post":{"format":"standard"},"jnews_primary_category":[],"jnews_social_meta":[],"jnews_post_split":[],"footnotes":""},"categories":[1],"tags":[],"class_list":["post-6471","post","type-post","status-publish","format-standard","has-post-thumbnail","hentry","category-uncategorized"],"_links":{"self":[{"href":"https:\/\/diariodepernambuco.audiencelabs.com.br\/wp-json\/wp\/v2\/posts\/6471","targetHints":{"allow":["GET"]}}],"collection":[{"href":"https:\/\/diariodepernambuco.audiencelabs.com.br\/wp-json\/wp\/v2\/posts"}],"about":[{"href":"https:\/\/diariodepernambuco.audiencelabs.com.br\/wp-json\/wp\/v2\/types\/post"}],"author":[{"embeddable":true,"href":"https:\/\/diariodepernambuco.audiencelabs.com.br\/wp-json\/wp\/v2\/users\/4"}],"replies":[{"embeddable":true,"href":"https:\/\/diariodepernambuco.audiencelabs.com.br\/wp-json\/wp\/v2\/comments?post=6471"}],"version-history":[{"count":2,"href":"https:\/\/diariodepernambuco.audiencelabs.com.br\/wp-json\/wp\/v2\/posts\/6471\/revisions"}],"predecessor-version":[{"id":6473,"href":"https:\/\/diariodepernambuco.audiencelabs.com.br\/wp-json\/wp\/v2\/posts\/6471\/revisions\/6473"}],"wp:featuredmedia":[{"embeddable":true,"href":"https:\/\/diariodepernambuco.audiencelabs.com.br\/wp-json\/wp\/v2\/media\/3391"}],"wp:attachment":[{"href":"https:\/\/diariodepernambuco.audiencelabs.com.br\/wp-json\/wp\/v2\/media?parent=6471"}],"wp:term":[{"taxonomy":"category","embeddable":true,"href":"https:\/\/diariodepernambuco.audiencelabs.com.br\/wp-json\/wp\/v2\/categories?post=6471"},{"taxonomy":"post_tag","embeddable":true,"href":"https:\/\/diariodepernambuco.audiencelabs.com.br\/wp-json\/wp\/v2\/tags?post=6471"}],"curies":[{"name":"wp","href":"https:\/\/api.w.org\/{rel}","templated":true}]}}