{"id":6525,"date":"2025-10-20T09:00:00","date_gmt":"2025-10-20T12:00:00","guid":{"rendered":"https:\/\/diariodepernambuco.audiencelabs.com.br\/?p=6525"},"modified":"2025-10-17T11:33:56","modified_gmt":"2025-10-17T14:33:56","slug":"historica-religiao-crista-nao-vai-comemorar-o-natal","status":"publish","type":"post","link":"https:\/\/diariodepernambuco.audiencelabs.com.br\/historica-religiao-crista-nao-vai-comemorar-o-natal\/","title":{"rendered":"Hist\u00f3rica religi\u00e3o crist\u00e3 n\u00e3o vai comemorar o Natal"},"content":{"rendered":"\n<p>As Testemunhas de Jeov\u00e1, uma hist\u00f3rica religi\u00e3o crist\u00e3, optam por n\u00e3o comemorar o Natal, apesar de sua origem crist\u00e3. Essa decis\u00e3o \u00e9 baseada em princ\u00edpios b\u00edblicos que orientam suas pr\u00e1ticas religiosas. Segundo a organiza\u00e7\u00e3o, a B\u00edblia n\u00e3o instrui os crist\u00e3os a celebrarem o nascimento de Jesus, mas sim sua morte, conforme registrado em Lucas 22:19-20.<\/p>\n\n\n\n<p>Al\u00e9m disso, a data de 25 de dezembro n\u00e3o \u00e9 mencionada nas Escrituras como o dia do nascimento de Jesus, e a celebra\u00e7\u00e3o do Natal tem ra\u00edzes em festivais pag\u00e3os que foram incorporados ao calend\u00e1rio crist\u00e3o posteriormente. Portanto, para manter a fidelidade aos ensinamentos b\u00edblicos, as Testemunhas de Jeov\u00e1 escolhem n\u00e3o participar dessa festividade.<\/p>\n\n\n\n<p>Essa postura tamb\u00e9m reflete o esfor\u00e7o da religi\u00e3o em diferenciar pr\u00e1ticas religiosas aut\u00eanticas de tradi\u00e7\u00f5es culturais que n\u00e3o t\u00eam base nas Escrituras. Para os seguidores, celebrar o Natal seria adotar costumes que desviam do foco central da f\u00e9, que \u00e9 a adora\u00e7\u00e3o a Deus e a viv\u00eancia dos princ\u00edpios b\u00edblicos no dia a dia.<\/p>\n\n\n\n<p>Apesar de n\u00e3o comemorarem o Natal, as Testemunhas de Jeov\u00e1 participam de outras atividades religiosas importantes, como reuni\u00f5es semanais, estudo da B\u00edblia e a lembran\u00e7a anual da morte de Jesus, considerada a celebra\u00e7\u00e3o crist\u00e3 mais significativa. Essa abordagem refor\u00e7a a ideia de que a f\u00e9 se manifesta atrav\u00e9s da obedi\u00eancia \u00e0s Escrituras, e n\u00e3o por meio de festas ou tradi\u00e7\u00f5es externas.<\/p>\n\n\n\n<h2 class=\"wp-block-heading\">Foco na f\u00e9 e na obedi\u00eancia \u00e0s Escrituras<\/h2>\n\n\n\n<p>Para as Testemunhas de Jeov\u00e1, a prioridade \u00e9 seguir os ensinamentos b\u00edblicos de forma fiel, distinguindo entre pr\u00e1ticas religiosas fundamentadas nas Escrituras e costumes culturais sem base b\u00edblica. Evitar a celebra\u00e7\u00e3o do Natal \u00e9 uma maneira de manter o foco na adora\u00e7\u00e3o a Deus e na viv\u00eancia di\u00e1ria dos princ\u00edpios crist\u00e3os, sem se deixar influenciar por tradi\u00e7\u00f5es externas.<\/p>\n\n\n\n<p>Em vez disso, os membros dedicam-se a atividades espirituais significativas, como reuni\u00f5es semanais, estudos b\u00edblicos e a lembran\u00e7a anual da morte de Jesus, que \u00e9 considerada a comemora\u00e7\u00e3o crist\u00e3 mais importante. Essa escolha evidencia que a f\u00e9, para eles, se expressa mais pela obedi\u00eancia e pelo entendimento das Escrituras do que por festividades ou rituais culturais.<\/p>\n\n\n\n<p><\/p>\n","protected":false},"excerpt":{"rendered":"<p>As Testemunhas de Jeov\u00e1, uma hist\u00f3rica religi\u00e3o crist\u00e3, optam por n\u00e3o comemorar o Natal, apesar de sua origem crist\u00e3. Essa decis\u00e3o \u00e9 baseada em princ\u00edpios b\u00edblicos que orientam suas pr\u00e1ticas religiosas. Segundo a organiza\u00e7\u00e3o, a B\u00edblia n\u00e3o instrui os crist\u00e3os a celebrarem o nascimento de Jesus, mas sim sua morte, conforme registrado em Lucas 22:19-20. [&hellip;]<\/p>\n","protected":false},"author":4,"featured_media":6527,"comment_status":"open","ping_status":"open","sticky":false,"template":"","format":"standard","meta":{"jnews-multi-image_gallery":[],"jnews_single_post":{"format":"standard"},"jnews_primary_category":[],"jnews_social_meta":[],"jnews_post_split":[],"footnotes":""},"categories":[1],"tags":[],"class_list":["post-6525","post","type-post","status-publish","format-standard","has-post-thumbnail","hentry","category-uncategorized"],"_links":{"self":[{"href":"https:\/\/diariodepernambuco.audiencelabs.com.br\/wp-json\/wp\/v2\/posts\/6525","targetHints":{"allow":["GET"]}}],"collection":[{"href":"https:\/\/diariodepernambuco.audiencelabs.com.br\/wp-json\/wp\/v2\/posts"}],"about":[{"href":"https:\/\/diariodepernambuco.audiencelabs.com.br\/wp-json\/wp\/v2\/types\/post"}],"author":[{"embeddable":true,"href":"https:\/\/diariodepernambuco.audiencelabs.com.br\/wp-json\/wp\/v2\/users\/4"}],"replies":[{"embeddable":true,"href":"https:\/\/diariodepernambuco.audiencelabs.com.br\/wp-json\/wp\/v2\/comments?post=6525"}],"version-history":[{"count":2,"href":"https:\/\/diariodepernambuco.audiencelabs.com.br\/wp-json\/wp\/v2\/posts\/6525\/revisions"}],"predecessor-version":[{"id":6530,"href":"https:\/\/diariodepernambuco.audiencelabs.com.br\/wp-json\/wp\/v2\/posts\/6525\/revisions\/6530"}],"wp:featuredmedia":[{"embeddable":true,"href":"https:\/\/diariodepernambuco.audiencelabs.com.br\/wp-json\/wp\/v2\/media\/6527"}],"wp:attachment":[{"href":"https:\/\/diariodepernambuco.audiencelabs.com.br\/wp-json\/wp\/v2\/media?parent=6525"}],"wp:term":[{"taxonomy":"category","embeddable":true,"href":"https:\/\/diariodepernambuco.audiencelabs.com.br\/wp-json\/wp\/v2\/categories?post=6525"},{"taxonomy":"post_tag","embeddable":true,"href":"https:\/\/diariodepernambuco.audiencelabs.com.br\/wp-json\/wp\/v2\/tags?post=6525"}],"curies":[{"name":"wp","href":"https:\/\/api.w.org\/{rel}","templated":true}]}}