{"id":6539,"date":"2025-10-20T13:00:00","date_gmt":"2025-10-20T16:00:00","guid":{"rendered":"https:\/\/diariodepernambuco.audiencelabs.com.br\/?p=6539"},"modified":"2025-10-17T12:03:28","modified_gmt":"2025-10-17T15:03:28","slug":"posso-processar-a-empresa-que-trabalho-se-eu-nao-fizer-1-hora-de-intervalo","status":"publish","type":"post","link":"https:\/\/diariodepernambuco.audiencelabs.com.br\/posso-processar-a-empresa-que-trabalho-se-eu-nao-fizer-1-hora-de-intervalo\/","title":{"rendered":"Posso processar a empresa que trabalho se eu n\u00e3o fizer 1 hora de intervalo?"},"content":{"rendered":"\n<p>Muitos trabalhadores se perguntam sobre seus direitos quando n\u00e3o conseguem usufruir do intervalo intrajornada de uma hora durante a jornada de trabalho. A legisla\u00e7\u00e3o brasileira garante esse per\u00edodo como essencial para descanso e alimenta\u00e7\u00e3o, e o descumprimento por parte da empresa pode gerar consequ\u00eancias legais.<\/p>\n\n\n\n<p>De acordo com a Consolida\u00e7\u00e3o das Leis do Trabalho (CLT), o intervalo intrajornada \u00e9 obrigat\u00f3rio para jornadas superiores a seis horas, devendo ter no m\u00ednimo uma hora de dura\u00e7\u00e3o. Quando a empresa n\u00e3o concede esse tempo, o trabalhador tem direito a receber o per\u00edodo como hora extra, com acr\u00e9scimo de pelo menos 50% sobre o valor da hora normal.<\/p>\n\n\n\n<p>Al\u00e9m disso, o descumprimento dessa obriga\u00e7\u00e3o pode ser questionado judicialmente. O empregado pode entrar com uma a\u00e7\u00e3o trabalhista para reivindicar o pagamento das horas correspondentes ao intervalo n\u00e3o concedido, incluindo poss\u00edveis reflexos sobre f\u00e9rias, 13\u00ba sal\u00e1rio, FGTS e demais benef\u00edcios.<\/p>\n\n\n\n<p>\u00c9 importante, por\u00e9m, que o trabalhador tenha registro ou provas de que o intervalo n\u00e3o foi respeitado, como cart\u00f5es de ponto, registros eletr\u00f4nicos ou testemunhas. \u00c9 fundamental tamb\u00e9m que o trabalhador comunique formalmente a empresa sobre a situa\u00e7\u00e3o, se poss\u00edvel, antes de recorrer \u00e0 Justi\u00e7a.<\/p>\n\n\n\n<h2 class=\"wp-block-heading\">Direitos do trabalhador e como agir em caso de descumprimento<\/h2>\n\n\n\n<p>O intervalo intrajornada n\u00e3o \u00e9 apenas um direito garantido por lei, mas tamb\u00e9m uma medida essencial para preservar a sa\u00fade, o bem-estar e a produtividade do trabalhador. Quando a empresa descumpre essa obriga\u00e7\u00e3o, o empregado pode buscar a compensa\u00e7\u00e3o por meio do pagamento de horas extras, al\u00e9m dos reflexos legais em f\u00e9rias, 13\u00ba sal\u00e1rio e demais benef\u00edcios.<\/p>\n\n\n\n<p>Para garantir seus direitos, \u00e9 fundamental que o trabalhador re\u00fana provas do n\u00e3o cumprimento do intervalo, como cart\u00f5es de ponto, registros eletr\u00f4nicos ou testemunhas. Comunicar formalmente a empresa sobre a situa\u00e7\u00e3o antes de recorrer \u00e0 Justi\u00e7a pode ajudar a resolver o problema de maneira mais r\u00e1pida, mas, se necess\u00e1rio, a a\u00e7\u00e3o trabalhista \u00e9 o caminho para assegurar que a legisla\u00e7\u00e3o seja cumprida e que os preju\u00edzos sejam devidamente reparados.<\/p>\n\n\n\n<p><\/p>\n","protected":false},"excerpt":{"rendered":"<p>Muitos trabalhadores se perguntam sobre seus direitos quando n\u00e3o conseguem usufruir do intervalo intrajornada de uma hora durante a jornada de trabalho. A legisla\u00e7\u00e3o brasileira garante esse per\u00edodo como essencial para descanso e alimenta\u00e7\u00e3o, e o descumprimento por parte da empresa pode gerar consequ\u00eancias legais. De acordo com a Consolida\u00e7\u00e3o das Leis do Trabalho (CLT), [&hellip;]<\/p>\n","protected":false},"author":4,"featured_media":6543,"comment_status":"open","ping_status":"open","sticky":false,"template":"","format":"standard","meta":{"jnews-multi-image_gallery":[],"jnews_single_post":{"format":"standard"},"jnews_primary_category":[],"jnews_social_meta":[],"jnews_post_split":[],"footnotes":""},"categories":[1],"tags":[],"class_list":["post-6539","post","type-post","status-publish","format-standard","has-post-thumbnail","hentry","category-uncategorized"],"_links":{"self":[{"href":"https:\/\/diariodepernambuco.audiencelabs.com.br\/wp-json\/wp\/v2\/posts\/6539","targetHints":{"allow":["GET"]}}],"collection":[{"href":"https:\/\/diariodepernambuco.audiencelabs.com.br\/wp-json\/wp\/v2\/posts"}],"about":[{"href":"https:\/\/diariodepernambuco.audiencelabs.com.br\/wp-json\/wp\/v2\/types\/post"}],"author":[{"embeddable":true,"href":"https:\/\/diariodepernambuco.audiencelabs.com.br\/wp-json\/wp\/v2\/users\/4"}],"replies":[{"embeddable":true,"href":"https:\/\/diariodepernambuco.audiencelabs.com.br\/wp-json\/wp\/v2\/comments?post=6539"}],"version-history":[{"count":2,"href":"https:\/\/diariodepernambuco.audiencelabs.com.br\/wp-json\/wp\/v2\/posts\/6539\/revisions"}],"predecessor-version":[{"id":6542,"href":"https:\/\/diariodepernambuco.audiencelabs.com.br\/wp-json\/wp\/v2\/posts\/6539\/revisions\/6542"}],"wp:featuredmedia":[{"embeddable":true,"href":"https:\/\/diariodepernambuco.audiencelabs.com.br\/wp-json\/wp\/v2\/media\/6543"}],"wp:attachment":[{"href":"https:\/\/diariodepernambuco.audiencelabs.com.br\/wp-json\/wp\/v2\/media?parent=6539"}],"wp:term":[{"taxonomy":"category","embeddable":true,"href":"https:\/\/diariodepernambuco.audiencelabs.com.br\/wp-json\/wp\/v2\/categories?post=6539"},{"taxonomy":"post_tag","embeddable":true,"href":"https:\/\/diariodepernambuco.audiencelabs.com.br\/wp-json\/wp\/v2\/tags?post=6539"}],"curies":[{"name":"wp","href":"https:\/\/api.w.org\/{rel}","templated":true}]}}