{"id":6577,"date":"2025-10-19T10:15:00","date_gmt":"2025-10-19T13:15:00","guid":{"rendered":"https:\/\/diariodepernambuco.audiencelabs.com.br\/?p=6577"},"modified":"2025-10-17T17:04:05","modified_gmt":"2025-10-17T20:04:05","slug":"brasil-vai-enfrentar-10-dias-seguidos-de-chuvas-veja-as-cidades","status":"publish","type":"post","link":"https:\/\/diariodepernambuco.audiencelabs.com.br\/brasil-vai-enfrentar-10-dias-seguidos-de-chuvas-veja-as-cidades\/","title":{"rendered":"Brasil vai enfrentar 10 dias seguidos de chuvas: veja as cidades"},"content":{"rendered":"\n<p>O Brasil se prepara para um per\u00edodo de 10 dias consecutivos de chuvas intensas, com previs\u00e3o de alagamentos, deslizamentos de terra e outros transtornos. O fen\u00f4meno clim\u00e1tico respons\u00e1vel por essa situa\u00e7\u00e3o \u00e9 a Zona de Converg\u00eancia do Atl\u00e2ntico Sul (ZCAS), que, durante o ver\u00e3o, provoca um per\u00edodo prolongado de chuvas frequentes nas regi\u00f5es Norte, Centro-Oeste e Sudeste do pa\u00eds.<\/p>\n\n\n\n<p>As precipita\u00e7\u00f5es devem superar a m\u00e9dia hist\u00f3rica, afetando especialmente os estados do Amazonas, Acre e Roraima no Norte, e o litoral da Bahia no Nordeste, incluindo \u00e1reas do sert\u00e3o, tradicionalmente seco. Al\u00e9m disso, o Sudeste e o Centro-Oeste tamb\u00e9m ser\u00e3o impactados, com risco de alagamentos e deslizamentos devido \u00e0 quantidade acumulada de chuva.<\/p>\n\n\n\n<p>As autoridades meteorol\u00f3gicas alertam para a necessidade de precau\u00e7\u00f5es, como evitar \u00e1reas de risco e manter-se informado sobre os avisos emitidos pelos \u00f3rg\u00e3os competentes. A popula\u00e7\u00e3o deve estar atenta \u00e0s orienta\u00e7\u00f5es da Defesa Civil e Corpo de Bombeiros para minimizar os impactos desse fen\u00f4meno clim\u00e1tico at\u00edpico.<\/p>\n\n\n\n<p>Al\u00e9m dos alertas de seguran\u00e7a, os munic\u00edpios afetados j\u00e1 come\u00e7am a se preparar para enfrentar os transtornos causados pelas chuvas cont\u00ednuas. Equipes de emerg\u00eancia est\u00e3o em prontid\u00e3o para atender casos de enchentes, deslizamentos e cortes de energia, enquanto \u00f3rg\u00e3os de sa\u00fade refor\u00e7am a vigil\u00e2ncia contra doen\u00e7as relacionadas ao excesso de \u00e1gua, como leptospirose e dengue.<\/p>\n\n\n\n<h2 class=\"wp-block-heading\">Como se proteger das chuvas intensas<\/h2>\n\n\n\n<ol class=\"wp-block-list\">\n<li>Fique informado:<\/li>\n<\/ol>\n\n\n\n<p>Acompanhe boletins meteorol\u00f3gicos e alertas da Defesa Civil e \u00f3rg\u00e3os oficiais. Aplicativos de meteorologia podem ajudar a prever \u00e1reas de risco em tempo real.<\/p>\n\n\n\n<ol start=\"2\" class=\"wp-block-list\">\n<li>Evite \u00e1reas perigosas:<\/li>\n<\/ol>\n\n\n\n<p>N\u00e3o circule por locais alagados, encostas ou margens de rios. Mesmo poucos cent\u00edmetros de \u00e1gua corrente podem arrastar pessoas ou ve\u00edculos.<\/p>\n\n\n\n<ol start=\"3\" class=\"wp-block-list\">\n<li>Prepare sua casa:<\/li>\n<\/ol>\n\n\n\n<p>Se poss\u00edvel, limpe calhas e bueiros para evitar ac\u00famulo de \u00e1gua. Mantenha objetos de valor e documentos em local seguro e elevado.<\/p>\n\n\n\n<ol start=\"4\" class=\"wp-block-list\">\n<li>Kit de emerg\u00eancia:<\/li>\n<\/ol>\n\n\n\n<p>Tenha \u00e0 m\u00e3o \u00e1gua pot\u00e1vel, alimentos n\u00e3o perec\u00edveis, lanternas, pilhas, medicamentos essenciais e um r\u00e1dio para acompanhar informa\u00e7\u00f5es sem depender de energia el\u00e9trica.<\/p>\n\n\n\n<ol start=\"5\" class=\"wp-block-list\">\n<li>Transporte seguro:<\/li>\n<\/ol>\n\n\n\n<p>Evite dirigir em ruas alagadas. Se estiver em um ve\u00edculo e a \u00e1gua subir rapidamente, abandone o carro com seguran\u00e7a, se necess\u00e1rio, e busque abrigo em local seguro.<\/p>\n\n\n\n<ol start=\"6\" class=\"wp-block-list\">\n<li>Prote\u00e7\u00e3o pessoal:<\/li>\n<\/ol>\n\n\n\n<p>Use roupas adequadas, como capa de chuva e botas, para reduzir risco de doen\u00e7as e acidentes, especialmente se precisar sair de casa.<\/p>\n\n\n\n<p><\/p>\n","protected":false},"excerpt":{"rendered":"<p>O Brasil se prepara para um per\u00edodo de 10 dias consecutivos de chuvas intensas, com previs\u00e3o de alagamentos, deslizamentos de terra e outros transtornos. O fen\u00f4meno clim\u00e1tico respons\u00e1vel por essa situa\u00e7\u00e3o \u00e9 a Zona de Converg\u00eancia do Atl\u00e2ntico Sul (ZCAS), que, durante o ver\u00e3o, provoca um per\u00edodo prolongado de chuvas frequentes nas regi\u00f5es Norte, Centro-Oeste [&hellip;]<\/p>\n","protected":false},"author":4,"featured_media":6580,"comment_status":"open","ping_status":"open","sticky":false,"template":"","format":"standard","meta":{"jnews-multi-image_gallery":[],"jnews_single_post":[],"jnews_primary_category":[],"jnews_social_meta":[],"jnews_post_split":[],"footnotes":""},"categories":[1],"tags":[],"class_list":["post-6577","post","type-post","status-publish","format-standard","has-post-thumbnail","hentry","category-uncategorized"],"_links":{"self":[{"href":"https:\/\/diariodepernambuco.audiencelabs.com.br\/wp-json\/wp\/v2\/posts\/6577","targetHints":{"allow":["GET"]}}],"collection":[{"href":"https:\/\/diariodepernambuco.audiencelabs.com.br\/wp-json\/wp\/v2\/posts"}],"about":[{"href":"https:\/\/diariodepernambuco.audiencelabs.com.br\/wp-json\/wp\/v2\/types\/post"}],"author":[{"embeddable":true,"href":"https:\/\/diariodepernambuco.audiencelabs.com.br\/wp-json\/wp\/v2\/users\/4"}],"replies":[{"embeddable":true,"href":"https:\/\/diariodepernambuco.audiencelabs.com.br\/wp-json\/wp\/v2\/comments?post=6577"}],"version-history":[{"count":2,"href":"https:\/\/diariodepernambuco.audiencelabs.com.br\/wp-json\/wp\/v2\/posts\/6577\/revisions"}],"predecessor-version":[{"id":6581,"href":"https:\/\/diariodepernambuco.audiencelabs.com.br\/wp-json\/wp\/v2\/posts\/6577\/revisions\/6581"}],"wp:featuredmedia":[{"embeddable":true,"href":"https:\/\/diariodepernambuco.audiencelabs.com.br\/wp-json\/wp\/v2\/media\/6580"}],"wp:attachment":[{"href":"https:\/\/diariodepernambuco.audiencelabs.com.br\/wp-json\/wp\/v2\/media?parent=6577"}],"wp:term":[{"taxonomy":"category","embeddable":true,"href":"https:\/\/diariodepernambuco.audiencelabs.com.br\/wp-json\/wp\/v2\/categories?post=6577"},{"taxonomy":"post_tag","embeddable":true,"href":"https:\/\/diariodepernambuco.audiencelabs.com.br\/wp-json\/wp\/v2\/tags?post=6577"}],"curies":[{"name":"wp","href":"https:\/\/api.w.org\/{rel}","templated":true}]}}