{"id":6604,"date":"2025-10-20T16:30:00","date_gmt":"2025-10-20T19:30:00","guid":{"rendered":"https:\/\/diariodepernambuco.audiencelabs.com.br\/?p=6604"},"modified":"2025-10-19T11:46:23","modified_gmt":"2025-10-19T14:46:23","slug":"regis-tadeu-nao-poupou-palavras-e-detonou-chorao-superestimado","status":"publish","type":"post","link":"https:\/\/diariodepernambuco.audiencelabs.com.br\/regis-tadeu-nao-poupou-palavras-e-detonou-chorao-superestimado\/","title":{"rendered":"Regis Tadeu n\u00e3o poupou palavras e detonou Chor\u00e3o: \u201csuperestimado\u201d"},"content":{"rendered":"\n<p>O cr\u00edtico musical Regis\u202fTadeu n\u00e3o mediu palavras em sua recente avalia\u00e7\u00e3o e disparou contra Chor\u00e3o \u2014 vocalista da Charlie\u202fBrown\u202fJr. \u2014 classificando-o como \u201csuperestimado\u201d. O coment\u00e1rio, veiculado em v\u00eddeo nas redes sociais, reacendeu o debate sobre a relev\u00e2ncia da banda no cen\u00e1rio do rock brasileiro, dividindo opini\u00f5es entre f\u00e3s fervorosos e cr\u00edticos de longa data.<\/p>\n\n\n\n<p>Durante sua an\u00e1lise, Regis Tadeu afirmou que Chor\u00e3o teve uma trajet\u00f3ria marcada mais pelo carisma e pela rebeldia do que pela qualidade musical. Segundo ele, o cantor foi importante como figura cultural dos anos 2000, mas n\u00e3o possu\u00eda a mesma profundidade art\u00edstica que outros nomes do rock nacional.<\/p>\n\n\n\n<p>As declara\u00e7\u00f5es rapidamente viralizaram, provocando rea\u00e7\u00f5es intensas nas redes sociais \u2014 enquanto alguns concordaram com o cr\u00edtico, outros sa\u00edram em defesa do vocalista, ressaltando sua autenticidade e o legado deixado nas letras do Charlie Brown Jr.<\/p>\n\n\n\n<p>A pol\u00eamica reacendeu uma discuss\u00e3o antiga: at\u00e9 que ponto a popularidade de um artista reflete sua relev\u00e2ncia musical? Para muitos, Chor\u00e3o representou uma gera\u00e7\u00e3o e deu voz a sentimentos urbanos e juvenis que poucos conseguiram traduzir com tanta verdade.<\/p>\n\n\n\n<p>J\u00e1 para os mais exigentes, o sucesso do grupo foi mais resultado de uma est\u00e9tica de \u00e9poca do que de inova\u00e7\u00e3o musical. De qualquer forma, o debate refor\u00e7a o impacto duradouro que o artista ainda exerce, mesmo mais de uma d\u00e9cada ap\u00f3s sua morte.<\/p>\n\n\n\n<h2 class=\"wp-block-heading\">O legado de Chor\u00e3o e o peso da opini\u00e3o cr\u00edtica<\/h2>\n\n\n\n<p>Mesmo anos ap\u00f3s sua partida, Chor\u00e3o continua sendo uma figura central na hist\u00f3ria recente do rock brasileiro. Suas letras, que misturavam desabafo, protesto e emo\u00e7\u00e3o, marcaram uma gera\u00e7\u00e3o que cresceu ouvindo Charlie Brown Jr.<\/p>\n\n\n\n<p>Para muitos f\u00e3s, ele representava a voz das ruas e das periferias, algu\u00e9m que falava de forma direta sobre liberdade, frustra\u00e7\u00f5es e sonhos \u2014 temas que ainda ecoam entre jovens de diferentes \u00e9pocas. Por outro lado, o embate com opini\u00f5es como a de Regis Tadeu evidencia como o legado de Chor\u00e3o segue aberto a interpreta\u00e7\u00f5es.<\/p>\n","protected":false},"excerpt":{"rendered":"<p>O cr\u00edtico musical Regis\u202fTadeu n\u00e3o mediu palavras em sua recente avalia\u00e7\u00e3o e disparou contra Chor\u00e3o \u2014 vocalista da Charlie\u202fBrown\u202fJr. \u2014 classificando-o como \u201csuperestimado\u201d. O coment\u00e1rio, veiculado em v\u00eddeo nas redes sociais, reacendeu o debate sobre a relev\u00e2ncia da banda no cen\u00e1rio do rock brasileiro, dividindo opini\u00f5es entre f\u00e3s fervorosos e cr\u00edticos de longa data. Durante [&hellip;]<\/p>\n","protected":false},"author":4,"featured_media":6606,"comment_status":"open","ping_status":"open","sticky":false,"template":"","format":"standard","meta":{"jnews-multi-image_gallery":[],"jnews_single_post":[],"jnews_primary_category":[],"jnews_social_meta":[],"jnews_post_split":[],"footnotes":""},"categories":[1],"tags":[],"class_list":["post-6604","post","type-post","status-publish","format-standard","has-post-thumbnail","hentry","category-uncategorized"],"_links":{"self":[{"href":"https:\/\/diariodepernambuco.audiencelabs.com.br\/wp-json\/wp\/v2\/posts\/6604","targetHints":{"allow":["GET"]}}],"collection":[{"href":"https:\/\/diariodepernambuco.audiencelabs.com.br\/wp-json\/wp\/v2\/posts"}],"about":[{"href":"https:\/\/diariodepernambuco.audiencelabs.com.br\/wp-json\/wp\/v2\/types\/post"}],"author":[{"embeddable":true,"href":"https:\/\/diariodepernambuco.audiencelabs.com.br\/wp-json\/wp\/v2\/users\/4"}],"replies":[{"embeddable":true,"href":"https:\/\/diariodepernambuco.audiencelabs.com.br\/wp-json\/wp\/v2\/comments?post=6604"}],"version-history":[{"count":2,"href":"https:\/\/diariodepernambuco.audiencelabs.com.br\/wp-json\/wp\/v2\/posts\/6604\/revisions"}],"predecessor-version":[{"id":6607,"href":"https:\/\/diariodepernambuco.audiencelabs.com.br\/wp-json\/wp\/v2\/posts\/6604\/revisions\/6607"}],"wp:featuredmedia":[{"embeddable":true,"href":"https:\/\/diariodepernambuco.audiencelabs.com.br\/wp-json\/wp\/v2\/media\/6606"}],"wp:attachment":[{"href":"https:\/\/diariodepernambuco.audiencelabs.com.br\/wp-json\/wp\/v2\/media?parent=6604"}],"wp:term":[{"taxonomy":"category","embeddable":true,"href":"https:\/\/diariodepernambuco.audiencelabs.com.br\/wp-json\/wp\/v2\/categories?post=6604"},{"taxonomy":"post_tag","embeddable":true,"href":"https:\/\/diariodepernambuco.audiencelabs.com.br\/wp-json\/wp\/v2\/tags?post=6604"}],"curies":[{"name":"wp","href":"https:\/\/api.w.org\/{rel}","templated":true}]}}