{"id":6614,"date":"2025-10-20T10:23:06","date_gmt":"2025-10-20T13:23:06","guid":{"rendered":"https:\/\/diariodepernambuco.audiencelabs.com.br\/?p=6614"},"modified":"2025-10-20T10:23:09","modified_gmt":"2025-10-20T13:23:09","slug":"titulo-da-copa-do-mundo-da-argentina-foi-arrancado-e-fifa-tem-novo-campeao","status":"publish","type":"post","link":"https:\/\/diariodepernambuco.audiencelabs.com.br\/titulo-da-copa-do-mundo-da-argentina-foi-arrancado-e-fifa-tem-novo-campeao\/","title":{"rendered":"T\u00edtulo da Copa do Mundo da Argentina foi arrancado e FIFA tem novo campe\u00e3o"},"content":{"rendered":"\n<p>Atual campe\u00e3 da Copa do Mundo, a Argentina vivia a expectativa de repetir o feito na categoria Sub-20, onde \u00e9 a maior campe\u00e3 do torneio. Chegando na grande decis\u00e3o para enfrentar o surpreendente Marrocos, os &#8216;hermanos&#8217; acabaram derrotados e voltaram para casa com o vice-campeonato, encerrando o sonho do hepta.<\/p>\n\n\n\n<p>No est\u00e1dio Nacional Julio Mart\u00ednez Pr\u00e1danos, em Santiago, a sele\u00e7\u00e3o africana venceu por 2 a 0, com dois gols do atacante Zabiri, grande artilheiro do mundial. O Marrocos passa a integrar o seleto grupo de pa\u00edses que conquistaram o Mundial Sub-20 uma \u00fanica vez, ao lado de Uruguai, Gana, Espanha, R\u00fassia, Alemanha, Inglaterra, Fran\u00e7a e Ucr\u00e2nia.<\/p>\n\n\n<div class=\"wp-block-image\">\n<figure class=\"aligncenter size-full is-resized\"><img loading=\"lazy\" decoding=\"async\" width=\"984\" height=\"655\" src=\"https:\/\/diariodepernambuco.audiencelabs.com.br\/wp-content\/uploads\/2025\/10\/Marrocos.avif\" alt=\"\" class=\"wp-image-6616\" style=\"width:661px;height:auto\" srcset=\"https:\/\/diariodepernambuco.audiencelabs.com.br\/wp-content\/uploads\/2025\/10\/Marrocos.avif 984w, https:\/\/diariodepernambuco.audiencelabs.com.br\/wp-content\/uploads\/2025\/10\/Marrocos-300x200.avif 300w, https:\/\/diariodepernambuco.audiencelabs.com.br\/wp-content\/uploads\/2025\/10\/Marrocos-768x511.avif 768w, https:\/\/diariodepernambuco.audiencelabs.com.br\/wp-content\/uploads\/2025\/10\/Marrocos-750x499.avif 750w\" sizes=\"auto, (max-width: 984px) 100vw, 984px\" \/><figcaption class=\"wp-element-caption\">Zabiri abre o placar para Marrocos \u2014 Foto: Hector Vivas &#8211; FIFA\/FIFA via Getty Images<\/figcaption><\/figure>\n<\/div>\n\n\n<p>Portugal e S\u00e9rvia, ainda como Iugusl\u00e1via, tem dois t\u00edtulos cada. O Brasil \u00e9 pentacampe\u00e3o: 1983, 1985, 1993, 2003 e 2011. J\u00e1 a Argentina, agora vice-campe\u00e3, tem seis conquistas: 1979, 1995, 1997, 2001, 2005 e 2007.<\/p>\n\n\n\n<h2 class=\"wp-block-heading\">A campanha vitoriosa de Marrocos na Copa do Mundo Sub-20<\/h2>\n\n\n\n<p>28\/09, 17h00 &#8211; Marrocos 2 x 0 Espanha &#8211; Fase de Grupos<br>01\/10, 20h00 &#8211; Brasil 1 x 2 Marrocos &#8211; Fase de Grupos<br>04\/10, 17h00 &#8211; M\u00e9xico 1 x 0 Marrosos &#8211; Fase de Grupos<br>09\/10, 20h00 &#8211; Marrocos 2 x 1 Coreia do Sul &#8211; Oitavas de Final<br>12\/10, 17h00 &#8211; EUA 1 x 3 Marrocos &#8211; Quartas de Final<br>15\/10, 17h00 &#8211; Marrocos 2 x 1 Fran\u00e7a &#8211; Semifinais<br>19\/10, 20h00 &#8211; Argentina 0 x 2 Marrocos &#8211; Final<\/p>\n","protected":false},"excerpt":{"rendered":"<p>Atual campe\u00e3 da Copa do Mundo, a Argentina vivia a expectativa de repetir o feito na categoria Sub-20, onde \u00e9 a maior campe\u00e3 do torneio. Chegando na grande decis\u00e3o para enfrentar o surpreendente Marrocos, os &#8216;hermanos&#8217; acabaram derrotados e voltaram para casa com o vice-campeonato, encerrando o sonho do hepta. No est\u00e1dio Nacional Julio Mart\u00ednez [&hellip;]<\/p>\n","protected":false},"author":4,"featured_media":6615,"comment_status":"open","ping_status":"open","sticky":false,"template":"","format":"standard","meta":{"jnews-multi-image_gallery":[],"jnews_single_post":{"format":"standard"},"jnews_primary_category":[],"jnews_social_meta":[],"jnews_post_split":[],"footnotes":""},"categories":[1],"tags":[],"class_list":["post-6614","post","type-post","status-publish","format-standard","has-post-thumbnail","hentry","category-uncategorized"],"_links":{"self":[{"href":"https:\/\/diariodepernambuco.audiencelabs.com.br\/wp-json\/wp\/v2\/posts\/6614","targetHints":{"allow":["GET"]}}],"collection":[{"href":"https:\/\/diariodepernambuco.audiencelabs.com.br\/wp-json\/wp\/v2\/posts"}],"about":[{"href":"https:\/\/diariodepernambuco.audiencelabs.com.br\/wp-json\/wp\/v2\/types\/post"}],"author":[{"embeddable":true,"href":"https:\/\/diariodepernambuco.audiencelabs.com.br\/wp-json\/wp\/v2\/users\/4"}],"replies":[{"embeddable":true,"href":"https:\/\/diariodepernambuco.audiencelabs.com.br\/wp-json\/wp\/v2\/comments?post=6614"}],"version-history":[{"count":1,"href":"https:\/\/diariodepernambuco.audiencelabs.com.br\/wp-json\/wp\/v2\/posts\/6614\/revisions"}],"predecessor-version":[{"id":6617,"href":"https:\/\/diariodepernambuco.audiencelabs.com.br\/wp-json\/wp\/v2\/posts\/6614\/revisions\/6617"}],"wp:featuredmedia":[{"embeddable":true,"href":"https:\/\/diariodepernambuco.audiencelabs.com.br\/wp-json\/wp\/v2\/media\/6615"}],"wp:attachment":[{"href":"https:\/\/diariodepernambuco.audiencelabs.com.br\/wp-json\/wp\/v2\/media?parent=6614"}],"wp:term":[{"taxonomy":"category","embeddable":true,"href":"https:\/\/diariodepernambuco.audiencelabs.com.br\/wp-json\/wp\/v2\/categories?post=6614"},{"taxonomy":"post_tag","embeddable":true,"href":"https:\/\/diariodepernambuco.audiencelabs.com.br\/wp-json\/wp\/v2\/tags?post=6614"}],"curies":[{"name":"wp","href":"https:\/\/api.w.org\/{rel}","templated":true}]}}