{"id":6633,"date":"2025-10-21T11:30:00","date_gmt":"2025-10-21T14:30:00","guid":{"rendered":"https:\/\/diariodepernambuco.audiencelabs.com.br\/?p=6633"},"modified":"2025-10-20T12:03:55","modified_gmt":"2025-10-20T15:03:55","slug":"bolsa-familia-libera-mais-dinheiro-extra-em-outubro","status":"publish","type":"post","link":"https:\/\/diariodepernambuco.audiencelabs.com.br\/bolsa-familia-libera-mais-dinheiro-extra-em-outubro\/","title":{"rendered":"Bolsa Fam\u00edlia libera mais dinheiro extra em outubro"},"content":{"rendered":"\n<p>O governo federal iniciou, neste m\u00eas de outubro, uma nova etapa do programa Bolsa Fam\u00edlia, incluindo um b\u00f4nus de R$ 150 por cada crian\u00e7a de at\u00e9 seis anos nas fam\u00edlias benefici\u00e1rias. A medida refor\u00e7a o combate \u00e0 inseguran\u00e7a alimentar e busca garantir o direito \u00e0 alimenta\u00e7\u00e3o adequada para milh\u00f5es de brasileiros em situa\u00e7\u00e3o de vulnerabilidade.<\/p>\n\n\n\n<p>Os pagamentos ser\u00e3o realizados entre 20 e 31 de outubro, de acordo com o \u00faltimo d\u00edgito do NIS (N\u00famero de Identifica\u00e7\u00e3o Social) de cada benefici\u00e1rio. Esse adicional, somado aos demais componentes do programa, tem como objetivo ampliar a prote\u00e7\u00e3o social das fam\u00edlias diante do impacto da infla\u00e7\u00e3o em alimentos e outras despesas essenciais.<\/p>\n\n\n\n<p>A introdu\u00e7\u00e3o do novo benef\u00edcio infantil de R$ 150 tem como objetivo apoiar a qualidade de vida e a nutri\u00e7\u00e3o das crian\u00e7as, reconhecendo a import\u00e2ncia da fase de desenvolvimento at\u00e9 os seis anos de idade. Al\u00e9m desse b\u00f4nus, as fam\u00edlias continuam recebendo outros aux\u00edlios, como Renda de Cidadania, Benef\u00edcio Complementar e Benef\u00edcio Vari\u00e1vel Familiar.<\/p>\n\n\n\n<p>A iniciativa fortalece a seguran\u00e7a alimentar, oferecendo \u00e0s fam\u00edlias maiores condi\u00e7\u00f5es de adquirir alimentos nutritivos e variados para as crian\u00e7as, especialmente diante da alta nos pre\u00e7os de itens essenciais.<\/p>\n\n\n\n<h2 class=\"wp-block-heading\">Calend\u00e1rio de outubro do Bolsa Fam\u00edlia<\/h2>\n\n\n\n<p>Os dep\u00f3sitos do Bolsa Fam\u00edlia em outubro seguem o crit\u00e9rio do \u00faltimo d\u00edgito do NIS (N\u00famero de Identifica\u00e7\u00e3o Social) de cada benefici\u00e1rio, e ser\u00e3o realizados entre os dias 20 e 31 de outubro:<\/p>\n\n\n\n<ul class=\"wp-block-list\">\n<li>NIS final 1: 20 de outubro<\/li>\n\n\n\n<li>NIS final 2: 21 de outubro<\/li>\n\n\n\n<li>NIS final 3: 22 de outubro<\/li>\n\n\n\n<li>NIS final 4: 23 de outubro<\/li>\n\n\n\n<li>NIS final 5: 24 de outubro<\/li>\n\n\n\n<li>NIS final 6: 27 de outubro<\/li>\n\n\n\n<li>NIS final 7: 28 de outubro<\/li>\n\n\n\n<li>NIS final 8: 29 de outubro<\/li>\n\n\n\n<li>NIS final 9: 30 de outubro<\/li>\n\n\n\n<li>NIS final 0: 31 de outubro<\/li>\n<\/ul>\n\n\n\n<p><\/p>\n","protected":false},"excerpt":{"rendered":"<p>O governo federal iniciou, neste m\u00eas de outubro, uma nova etapa do programa Bolsa Fam\u00edlia, incluindo um b\u00f4nus de R$ 150 por cada crian\u00e7a de at\u00e9 seis anos nas fam\u00edlias benefici\u00e1rias. A medida refor\u00e7a o combate \u00e0 inseguran\u00e7a alimentar e busca garantir o direito \u00e0 alimenta\u00e7\u00e3o adequada para milh\u00f5es de brasileiros em situa\u00e7\u00e3o de vulnerabilidade. [&hellip;]<\/p>\n","protected":false},"author":4,"featured_media":5448,"comment_status":"open","ping_status":"open","sticky":false,"template":"","format":"standard","meta":{"jnews-multi-image_gallery":[],"jnews_single_post":{"format":"standard"},"jnews_primary_category":[],"jnews_social_meta":[],"jnews_post_split":[],"footnotes":""},"categories":[1],"tags":[],"class_list":["post-6633","post","type-post","status-publish","format-standard","has-post-thumbnail","hentry","category-uncategorized"],"_links":{"self":[{"href":"https:\/\/diariodepernambuco.audiencelabs.com.br\/wp-json\/wp\/v2\/posts\/6633","targetHints":{"allow":["GET"]}}],"collection":[{"href":"https:\/\/diariodepernambuco.audiencelabs.com.br\/wp-json\/wp\/v2\/posts"}],"about":[{"href":"https:\/\/diariodepernambuco.audiencelabs.com.br\/wp-json\/wp\/v2\/types\/post"}],"author":[{"embeddable":true,"href":"https:\/\/diariodepernambuco.audiencelabs.com.br\/wp-json\/wp\/v2\/users\/4"}],"replies":[{"embeddable":true,"href":"https:\/\/diariodepernambuco.audiencelabs.com.br\/wp-json\/wp\/v2\/comments?post=6633"}],"version-history":[{"count":2,"href":"https:\/\/diariodepernambuco.audiencelabs.com.br\/wp-json\/wp\/v2\/posts\/6633\/revisions"}],"predecessor-version":[{"id":6636,"href":"https:\/\/diariodepernambuco.audiencelabs.com.br\/wp-json\/wp\/v2\/posts\/6633\/revisions\/6636"}],"wp:featuredmedia":[{"embeddable":true,"href":"https:\/\/diariodepernambuco.audiencelabs.com.br\/wp-json\/wp\/v2\/media\/5448"}],"wp:attachment":[{"href":"https:\/\/diariodepernambuco.audiencelabs.com.br\/wp-json\/wp\/v2\/media?parent=6633"}],"wp:term":[{"taxonomy":"category","embeddable":true,"href":"https:\/\/diariodepernambuco.audiencelabs.com.br\/wp-json\/wp\/v2\/categories?post=6633"},{"taxonomy":"post_tag","embeddable":true,"href":"https:\/\/diariodepernambuco.audiencelabs.com.br\/wp-json\/wp\/v2\/tags?post=6633"}],"curies":[{"name":"wp","href":"https:\/\/api.w.org\/{rel}","templated":true}]}}