{"id":6637,"date":"2025-10-21T12:30:00","date_gmt":"2025-10-21T15:30:00","guid":{"rendered":"https:\/\/diariodepernambuco.audiencelabs.com.br\/?p=6637"},"modified":"2025-10-20T12:08:32","modified_gmt":"2025-10-20T15:08:32","slug":"renomado-cafe-tem-proibicao-confirmada-pela-anvisa","status":"publish","type":"post","link":"https:\/\/diariodepernambuco.audiencelabs.com.br\/renomado-cafe-tem-proibicao-confirmada-pela-anvisa\/","title":{"rendered":"Renomado caf\u00e9 tem proibi\u00e7\u00e3o confirmada pela Anvisa"},"content":{"rendered":"\n<p>No final de setembro, a Ag\u00eancia Nacional de Vigil\u00e2ncia Sanit\u00e1ria (Anvisa) determinou a apreens\u00e3o e a proibi\u00e7\u00e3o de todos os lotes do Caf\u00e9 Torrado e Mo\u00eddo Extraforte e Tradicional da marca C\u00e2mara. A decis\u00e3o tamb\u00e9m suspendeu a fabrica\u00e7\u00e3o, comercializa\u00e7\u00e3o, distribui\u00e7\u00e3o, publicidade e o uso do produto em todo o territ\u00f3rio nacional.<\/p>\n\n\n\n<p>A medida foi tomada ap\u00f3s um laudo do Laborat\u00f3rio Central de Sa\u00fade P\u00fablica Noel Nutels (Lacen\/RJ) identificar fragmentos semelhantes a vidro em um lote do caf\u00e9 (n\u00ba 160229). Al\u00e9m disso, a Subsecretaria de Vigil\u00e2ncia e Aten\u00e7\u00e3o Prim\u00e1ria \u00e0 Sa\u00fade do Rio de Janeiro verificou que a embalagem apontava empresas inexistentes ou irregulares como respons\u00e1veis pela fabrica\u00e7\u00e3o.<\/p>\n\n\n\n<p>De acordo com a Anvisa, devido ao risco \u00e0 sa\u00fade e \u00e0 falta de proced\u00eancia confi\u00e1vel, os consumidores foram orientados a n\u00e3o utilizar o caf\u00e9 C\u00e2mara em nenhuma de suas vers\u00f5es. Na mesma resolu\u00e7\u00e3o, a ag\u00eancia tamb\u00e9m determinou o recolhimento de todos os produtos da Axis Nutrition Ind\u00fastria e Com\u00e9rcio de Alimentos Ltda., incluindo suplementos alimentares.<\/p>\n\n\n\n<h2 class=\"wp-block-heading\">O que \u00e9 a Anvisa e qual o seu papel?<\/h2>\n\n\n\n<p>A Anvisa (Ag\u00eancia Nacional de Vigil\u00e2ncia Sanit\u00e1ria) \u00e9 um \u00f3rg\u00e3o do governo federal respons\u00e1vel por proteger e promover a sa\u00fade da popula\u00e7\u00e3o por meio da regula\u00e7\u00e3o e fiscaliza\u00e7\u00e3o de produtos e servi\u00e7os que possam afetar a sa\u00fade.<\/p>\n\n\n\n<p><strong>Entre suas principais fun\u00e7\u00f5es est\u00e3o:<\/strong><\/p>\n\n\n\n<ul class=\"wp-block-list\">\n<li>Controle e fiscaliza\u00e7\u00e3o de medicamentos, alimentos, cosm\u00e9ticos, produtos para sa\u00fade e vacinas;<\/li>\n\n\n\n<li>Autoriza\u00e7\u00e3o e acompanhamento da produ\u00e7\u00e3o e comercializa\u00e7\u00e3o desses produtos;<\/li>\n\n\n\n<li>Monitoramento de riscos \u00e0 sa\u00fade p\u00fablica, como contamina\u00e7\u00f5es ou produtos falsificados;<\/li>\n\n\n\n<li>Regula\u00e7\u00e3o de servi\u00e7os de sa\u00fade, incluindo hospitais, cl\u00ednicas e laborat\u00f3rios;<\/li>\n\n\n\n<li>Orienta\u00e7\u00e3o e educa\u00e7\u00e3o da popula\u00e7\u00e3o sobre riscos e cuidados relacionados \u00e0 sa\u00fade.<\/li>\n<\/ul>\n\n\n\n<p>Em resumo, a Anvisa atua como uma esp\u00e9cie de \u201cguardi\u00e3o\u201d da sa\u00fade p\u00fablica, garantindo que produtos e servi\u00e7os estejam seguros antes de chegarem ao consumidor.<\/p>\n\n\n\n<p><\/p>\n","protected":false},"excerpt":{"rendered":"<p>No final de setembro, a Ag\u00eancia Nacional de Vigil\u00e2ncia Sanit\u00e1ria (Anvisa) determinou a apreens\u00e3o e a proibi\u00e7\u00e3o de todos os lotes do Caf\u00e9 Torrado e Mo\u00eddo Extraforte e Tradicional da marca C\u00e2mara. A decis\u00e3o tamb\u00e9m suspendeu a fabrica\u00e7\u00e3o, comercializa\u00e7\u00e3o, distribui\u00e7\u00e3o, publicidade e o uso do produto em todo o territ\u00f3rio nacional. A medida foi tomada [&hellip;]<\/p>\n","protected":false},"author":4,"featured_media":538,"comment_status":"open","ping_status":"open","sticky":false,"template":"","format":"standard","meta":{"jnews-multi-image_gallery":[],"jnews_single_post":{"format":"standard"},"jnews_primary_category":[],"jnews_social_meta":[],"jnews_post_split":[],"footnotes":""},"categories":[1],"tags":[],"class_list":["post-6637","post","type-post","status-publish","format-standard","has-post-thumbnail","hentry","category-uncategorized"],"_links":{"self":[{"href":"https:\/\/diariodepernambuco.audiencelabs.com.br\/wp-json\/wp\/v2\/posts\/6637","targetHints":{"allow":["GET"]}}],"collection":[{"href":"https:\/\/diariodepernambuco.audiencelabs.com.br\/wp-json\/wp\/v2\/posts"}],"about":[{"href":"https:\/\/diariodepernambuco.audiencelabs.com.br\/wp-json\/wp\/v2\/types\/post"}],"author":[{"embeddable":true,"href":"https:\/\/diariodepernambuco.audiencelabs.com.br\/wp-json\/wp\/v2\/users\/4"}],"replies":[{"embeddable":true,"href":"https:\/\/diariodepernambuco.audiencelabs.com.br\/wp-json\/wp\/v2\/comments?post=6637"}],"version-history":[{"count":2,"href":"https:\/\/diariodepernambuco.audiencelabs.com.br\/wp-json\/wp\/v2\/posts\/6637\/revisions"}],"predecessor-version":[{"id":6640,"href":"https:\/\/diariodepernambuco.audiencelabs.com.br\/wp-json\/wp\/v2\/posts\/6637\/revisions\/6640"}],"wp:featuredmedia":[{"embeddable":true,"href":"https:\/\/diariodepernambuco.audiencelabs.com.br\/wp-json\/wp\/v2\/media\/538"}],"wp:attachment":[{"href":"https:\/\/diariodepernambuco.audiencelabs.com.br\/wp-json\/wp\/v2\/media?parent=6637"}],"wp:term":[{"taxonomy":"category","embeddable":true,"href":"https:\/\/diariodepernambuco.audiencelabs.com.br\/wp-json\/wp\/v2\/categories?post=6637"},{"taxonomy":"post_tag","embeddable":true,"href":"https:\/\/diariodepernambuco.audiencelabs.com.br\/wp-json\/wp\/v2\/tags?post=6637"}],"curies":[{"name":"wp","href":"https:\/\/api.w.org\/{rel}","templated":true}]}}