{"id":6641,"date":"2025-10-21T13:00:00","date_gmt":"2025-10-21T16:00:00","guid":{"rendered":"https:\/\/diariodepernambuco.audiencelabs.com.br\/?p=6641"},"modified":"2025-10-20T12:16:10","modified_gmt":"2025-10-20T15:16:10","slug":"lista-especifica-de-brasileiros-pode-tirar-cnh-de-graca","status":"publish","type":"post","link":"https:\/\/diariodepernambuco.audiencelabs.com.br\/lista-especifica-de-brasileiros-pode-tirar-cnh-de-graca\/","title":{"rendered":"Lista espec\u00edfica de brasileiros pode tirar CNH de gra\u00e7a"},"content":{"rendered":"\n<p>O sonho de conquistar a primeira habilita\u00e7\u00e3o pode se tornar realidade para muitos brasileiros sem custo algum. Por meio do programa CNH Social, governos estaduais t\u00eam oferecido a oportunidade de tirar a Carteira Nacional de Habilita\u00e7\u00e3o gratuitamente, beneficiando pessoas de baixa renda que desejam ingressar no mercado de trabalho ou conquistar mais autonomia.<\/p>\n\n\n\n<p>O programa \u00e9 voltado para trabalhadores desempregados, inscritos no Cad\u00danico e benefici\u00e1rios de programas sociais, como o Bolsa Fam\u00edlia. Em alguns estados, tamb\u00e9m podem se inscrever estudantes da rede p\u00fablica, pessoas com defici\u00eancia e agricultores familiares, conforme os crit\u00e9rios locais estabelecidos pelos Detrans.<\/p>\n\n\n\n<p>A CNH Social cobre todas as etapas do processo de habilita\u00e7\u00e3o \u2014 desde os exames m\u00e9dicos e psicol\u00f3gicos at\u00e9 as aulas te\u00f3ricas, pr\u00e1ticas e taxas de prova. O objetivo \u00e9 garantir que o custo do processo n\u00e3o seja um obst\u00e1culo para quem deseja dirigir legalmente e ampliar suas oportunidades profissionais.<\/p>\n\n\n\n<p>Atualmente, diversos estados brasileiros participam do programa, como Pernambuco, Cear\u00e1, Esp\u00edrito Santo, Goi\u00e1s, Amazonas e Bahia, entre outros. Cada um possui seu pr\u00f3prio edital com prazos, n\u00famero de vagas e regras espec\u00edficas, que determinam quem pode se inscrever e quais categorias de habilita\u00e7\u00e3o est\u00e3o dispon\u00edveis \u2014 normalmente A (moto) e B (carro).<\/p>\n\n\n\n<p>Os interessados devem ficar atentos aos sites oficiais dos Detrans estaduais, onde s\u00e3o divulgados os calend\u00e1rios de inscri\u00e7\u00e3o e os documentos exigidos. Ap\u00f3s o cadastro, os candidatos passam por uma an\u00e1lise socioecon\u00f4mica para comprovar que se enquadram nos crit\u00e9rios de baixa renda.<\/p>\n\n\n\n<h2 class=\"wp-block-heading\">Como participar do programa CNH Social<\/h2>\n\n\n\n<p>Para participar do programa CNH Social, \u00e9 preciso atender aos crit\u00e9rios definidos pelo Detran de cada estado, j\u00e1 que o projeto \u00e9 administrado em n\u00edvel estadual. No geral, o processo segue etapas semelhantes em todo o pa\u00eds. Veja como funciona:<\/p>\n\n\n\n<ul class=\"wp-block-list\">\n<li>Verifique se o seu estado participa do programa \u2014 nem todos os estados oferecem a CNH Social. \u00c9 importante acessar o site oficial do Detran da sua regi\u00e3o e confirmar se h\u00e1 edital vigente.<\/li>\n<\/ul>\n\n\n\n<ul class=\"wp-block-list\">\n<li>Confira os requisitos \u2014 normalmente, \u00e9 preciso ter mais de 18 anos, saber ler e escrever, estar inscrito no Cad\u00danico e comprovar baixa renda. Alguns estados tamb\u00e9m exigem resid\u00eancia m\u00ednima e prioridade para benefici\u00e1rios do Bolsa Fam\u00edlia, desempregados ou estudantes da rede p\u00fablica.<\/li>\n<\/ul>\n\n\n\n<ul class=\"wp-block-list\">\n<li>Acompanhe o edital e fa\u00e7a a inscri\u00e7\u00e3o online \u2014 o Detran divulga as vagas, prazos e o link para inscri\u00e7\u00e3o. Nessa etapa, o candidato preenche um formul\u00e1rio com dados pessoais e informa\u00e7\u00f5es socioecon\u00f4micas.<\/li>\n<\/ul>\n\n\n\n<ul class=\"wp-block-list\">\n<li>Espere a sele\u00e7\u00e3o \u2014 ap\u00f3s o per\u00edodo de inscri\u00e7\u00f5es, \u00e9 feita uma an\u00e1lise dos cadastros e a divulga\u00e7\u00e3o da lista de aprovados.<\/li>\n<\/ul>\n\n\n\n<ul class=\"wp-block-list\">\n<li>Inicie o processo de habilita\u00e7\u00e3o \u2014 quem for selecionado realiza todas as etapas da CNH (exames m\u00e9dicos e psicol\u00f3gicos, aulas te\u00f3ricas e pr\u00e1ticas) sem pagar nenhuma taxa.<\/li>\n<\/ul>\n\n\n\n<p><\/p>\n","protected":false},"excerpt":{"rendered":"<p>O sonho de conquistar a primeira habilita\u00e7\u00e3o pode se tornar realidade para muitos brasileiros sem custo algum. Por meio do programa CNH Social, governos estaduais t\u00eam oferecido a oportunidade de tirar a Carteira Nacional de Habilita\u00e7\u00e3o gratuitamente, beneficiando pessoas de baixa renda que desejam ingressar no mercado de trabalho ou conquistar mais autonomia. O programa [&hellip;]<\/p>\n","protected":false},"author":4,"featured_media":766,"comment_status":"open","ping_status":"open","sticky":false,"template":"","format":"standard","meta":{"jnews-multi-image_gallery":[],"jnews_single_post":{"format":"standard"},"jnews_primary_category":[],"jnews_social_meta":[],"jnews_post_split":[],"footnotes":""},"categories":[1],"tags":[],"class_list":["post-6641","post","type-post","status-publish","format-standard","has-post-thumbnail","hentry","category-uncategorized"],"_links":{"self":[{"href":"https:\/\/diariodepernambuco.audiencelabs.com.br\/wp-json\/wp\/v2\/posts\/6641","targetHints":{"allow":["GET"]}}],"collection":[{"href":"https:\/\/diariodepernambuco.audiencelabs.com.br\/wp-json\/wp\/v2\/posts"}],"about":[{"href":"https:\/\/diariodepernambuco.audiencelabs.com.br\/wp-json\/wp\/v2\/types\/post"}],"author":[{"embeddable":true,"href":"https:\/\/diariodepernambuco.audiencelabs.com.br\/wp-json\/wp\/v2\/users\/4"}],"replies":[{"embeddable":true,"href":"https:\/\/diariodepernambuco.audiencelabs.com.br\/wp-json\/wp\/v2\/comments?post=6641"}],"version-history":[{"count":2,"href":"https:\/\/diariodepernambuco.audiencelabs.com.br\/wp-json\/wp\/v2\/posts\/6641\/revisions"}],"predecessor-version":[{"id":6645,"href":"https:\/\/diariodepernambuco.audiencelabs.com.br\/wp-json\/wp\/v2\/posts\/6641\/revisions\/6645"}],"wp:featuredmedia":[{"embeddable":true,"href":"https:\/\/diariodepernambuco.audiencelabs.com.br\/wp-json\/wp\/v2\/media\/766"}],"wp:attachment":[{"href":"https:\/\/diariodepernambuco.audiencelabs.com.br\/wp-json\/wp\/v2\/media?parent=6641"}],"wp:term":[{"taxonomy":"category","embeddable":true,"href":"https:\/\/diariodepernambuco.audiencelabs.com.br\/wp-json\/wp\/v2\/categories?post=6641"},{"taxonomy":"post_tag","embeddable":true,"href":"https:\/\/diariodepernambuco.audiencelabs.com.br\/wp-json\/wp\/v2\/tags?post=6641"}],"curies":[{"name":"wp","href":"https:\/\/api.w.org\/{rel}","templated":true}]}}