{"id":6661,"date":"2025-10-21T15:30:00","date_gmt":"2025-10-21T18:30:00","guid":{"rendered":"https:\/\/diariodepernambuco.audiencelabs.com.br\/?p=6661"},"modified":"2025-10-20T12:42:32","modified_gmt":"2025-10-20T15:42:32","slug":"craque-neto-chama-denilson-e-felipe-melo-de-fracos-ao-vivo","status":"publish","type":"post","link":"https:\/\/diariodepernambuco.audiencelabs.com.br\/craque-neto-chama-denilson-e-felipe-melo-de-fracos-ao-vivo\/","title":{"rendered":"Craque Neto chama Den\u00edlson e Felipe Melo de fracos ao vivo"},"content":{"rendered":"\n<p>Um dos nomes mais pol\u00eamicos do jornalismo esportivo brasileiro, o apresentador Neto tratou de colocar ainda mais lenha na fogueira em duas hist\u00f3ricas &#8220;tretas&#8221; que ele manteve nos \u00faltimos anos: uma com Den\u00edlson e outra com Felipe Melo. Em edi\u00e7\u00e3o do programa &#8216;Apito Final&#8217;, Neto afirmou que os dois s\u00e3o &#8220;fracos demais&#8221; como comentaristas.<\/p>\n\n\n\n<p>Para piorar ainda mais a situa\u00e7\u00e3o, a dura fala veio logo depois de Neto mostrar a imagem dos outros dois ex-jogadores comentando jogos do Campeonato Brasileiro na concorrente SporTV. Esta n\u00e3o \u00e9 a primeira vez em que o apresentador da Band aproveita para alfinetar Den\u00edlson, seu ex-companheiro de canal, e Felipe Melo, eterno &#8220;inimigo&#8221;.<\/p>\n\n\n\n<p>Com Den\u00edlson, os conflitos ocorreram principalmente durante a colabora\u00e7\u00e3o do pentacampe\u00e3o no programa &#8220;Os Donos da Bola&#8221;, da Band, e envolveram trocas de farpas nas redes sociais e declara\u00e7\u00f5es em entrevistas. Em junho de 2025, a tens\u00e3o entre eles se intensificou quando Den\u00edlson afirmou que Neto n\u00e3o fazia parte de seu c\u00edrculo de amizades.<\/p>\n\n\n\n<p>Neto respondeu publicamente, afirmando que nunca quis estar ao lado de Den\u00edlson, apesar de reconhecer que ele tem um bom cora\u00e7\u00e3o. Al\u00e9m disso, Neto mencionou que Den\u00edlson havia pedido para sair do programa para atuar no &#8220;Jogo Aberto&#8221;, o que ele interpretou como uma atitude ego\u00edsta, j\u00e1 que Den\u00edlson buscava maior visibilidade e oportunidades de merchandising.<\/p>\n\n\n\n<p>Den\u00edlson, por sua vez, explicou que sua sa\u00edda foi motivada por um epis\u00f3dio espec\u00edfico: ele foi retirado do programa no dia da morte do jornalista esportivo Luciano do Valle. Ele afirmou que, ap\u00f3s esse incidente, pediu para n\u00e3o participar mais do programa, destacando que cada um tem sua vers\u00e3o dos acontecimentos.<\/p>\n\n\n\n<p>J\u00e1 a rivalidade com Felipe Melo \u00e9 marcada por uma s\u00e9rie de desentendimentos p\u00fablicos, principalmente no contexto esportivo. Um dos epis\u00f3dios mais not\u00e1veis ocorreu em 2016, quando um \u00e1udio vazado revelou cr\u00edticas de Felipe Melo a comentaristas de TV, incluindo Neto. Em resposta, o apresentador usou de ironia e relembrou suas conquistas em campo.<\/p>\n\n\n\n<p><\/p>\n","protected":false},"excerpt":{"rendered":"<p>Um dos nomes mais pol\u00eamicos do jornalismo esportivo brasileiro, o apresentador Neto tratou de colocar ainda mais lenha na fogueira em duas hist\u00f3ricas &#8220;tretas&#8221; que ele manteve nos \u00faltimos anos: uma com Den\u00edlson e outra com Felipe Melo. Em edi\u00e7\u00e3o do programa &#8216;Apito Final&#8217;, Neto afirmou que os dois s\u00e3o &#8220;fracos demais&#8221; como comentaristas. Para [&hellip;]<\/p>\n","protected":false},"author":4,"featured_media":6663,"comment_status":"open","ping_status":"open","sticky":false,"template":"","format":"standard","meta":{"jnews-multi-image_gallery":[],"jnews_single_post":{"format":"standard"},"jnews_primary_category":[],"jnews_social_meta":[],"jnews_post_split":[],"footnotes":""},"categories":[1],"tags":[],"class_list":["post-6661","post","type-post","status-publish","format-standard","has-post-thumbnail","hentry","category-uncategorized"],"_links":{"self":[{"href":"https:\/\/diariodepernambuco.audiencelabs.com.br\/wp-json\/wp\/v2\/posts\/6661","targetHints":{"allow":["GET"]}}],"collection":[{"href":"https:\/\/diariodepernambuco.audiencelabs.com.br\/wp-json\/wp\/v2\/posts"}],"about":[{"href":"https:\/\/diariodepernambuco.audiencelabs.com.br\/wp-json\/wp\/v2\/types\/post"}],"author":[{"embeddable":true,"href":"https:\/\/diariodepernambuco.audiencelabs.com.br\/wp-json\/wp\/v2\/users\/4"}],"replies":[{"embeddable":true,"href":"https:\/\/diariodepernambuco.audiencelabs.com.br\/wp-json\/wp\/v2\/comments?post=6661"}],"version-history":[{"count":1,"href":"https:\/\/diariodepernambuco.audiencelabs.com.br\/wp-json\/wp\/v2\/posts\/6661\/revisions"}],"predecessor-version":[{"id":6662,"href":"https:\/\/diariodepernambuco.audiencelabs.com.br\/wp-json\/wp\/v2\/posts\/6661\/revisions\/6662"}],"wp:featuredmedia":[{"embeddable":true,"href":"https:\/\/diariodepernambuco.audiencelabs.com.br\/wp-json\/wp\/v2\/media\/6663"}],"wp:attachment":[{"href":"https:\/\/diariodepernambuco.audiencelabs.com.br\/wp-json\/wp\/v2\/media?parent=6661"}],"wp:term":[{"taxonomy":"category","embeddable":true,"href":"https:\/\/diariodepernambuco.audiencelabs.com.br\/wp-json\/wp\/v2\/categories?post=6661"},{"taxonomy":"post_tag","embeddable":true,"href":"https:\/\/diariodepernambuco.audiencelabs.com.br\/wp-json\/wp\/v2\/tags?post=6661"}],"curies":[{"name":"wp","href":"https:\/\/api.w.org\/{rel}","templated":true}]}}