{"id":6664,"date":"2025-10-21T16:30:00","date_gmt":"2025-10-21T19:30:00","guid":{"rendered":"https:\/\/diariodepernambuco.audiencelabs.com.br\/?p=6664"},"modified":"2025-10-20T12:51:18","modified_gmt":"2025-10-20T15:51:18","slug":"bisneta-de-dom-pedro-ii-apareceu-usando-joia-roubada","status":"publish","type":"post","link":"https:\/\/diariodepernambuco.audiencelabs.com.br\/bisneta-de-dom-pedro-ii-apareceu-usando-joia-roubada\/","title":{"rendered":"Bisneta de Dom Pedro II apareceu usando joia roubada"},"content":{"rendered":"\n<p>A princesa Isabel d&#8217;Orleans, bisneta de Dom Pedro II, foi a \u00faltima pessoa a exibir publicamente uma das joias roubadas do Museu do Louvre, em Paris, neste domingo (19): um colar de safira que pertenceu \u00e0 rainha Maria Am\u00e9lia da Fran\u00e7a, esposa do rei Lu\u00eds Filipe I.<\/p>\n\n\n\n<p>Para Paulo Garcez Marins, historiador e diretor do Museu do Ipiranga em S\u00e3o Paulo, o conjunto de joias \u00e9 n\u00e3o apenas valioso, mas tamb\u00e9m hist\u00f3rica e culturalmente significativo. \u201cEsse item roubado passou pelos descendentes da fam\u00edlia Orleans at\u00e9 chegar \u00e0 condessa de Paris\u201d, afirmou Marins, referindo-se \u00e0 bisneta de Dom Pedro II, \u00faltima propriet\u00e1ria antes do colar de safiras ser adquirido pelo museu.<\/p>\n\n\n\n<p>Essas joias valiosas foram herdadas por Isabel da fam\u00edlia de seu marido, o conde de Paris, que tamb\u00e9m era seu parente. O conjunto de safiras foi adquirido pelo Museu do Louvre em 1985. Segundo o Louvre, o colar \u00e9 formado por oito safiras de tamanhos variados e 31 diamantes, com correntes articuladas que evidenciam a alta perfei\u00e7\u00e3o t\u00e9cnica da pe\u00e7a.<\/p>\n\n\n\n<p>A rainha Hortense, filha de Napole\u00e3o Bonaparte, foi a primeira a usar a \u201cparure\u201d de safiras, que posteriormente foi herdada por suas descendentes. Os la\u00e7os familiares tornam essa hist\u00f3ria ainda mais intrigante. Embora n\u00e3o tenha conex\u00e3o direta com o Brasil, Maria Am\u00e9lia da Fran\u00e7a teve um filho, Fran\u00e7ois de Orleans, pr\u00edncipe de Joinville, que se casou com a princesa Francisca de Bragan\u00e7a, irm\u00e3 de Dom Pedro II.<\/p>\n\n\n\n<p>Embora as pe\u00e7as roubadas n\u00e3o tenham pertencido diretamente \u00e0 Casa Imperial brasileira, sua liga\u00e7\u00e3o \u00e9 ineg\u00e1vel, segundo o especialista. Ele tamb\u00e9m lamenta a perda de outras joias de valor inestim\u00e1vel: &#8220;Uma pena que a tiara da imperatriz Eug\u00eania tamb\u00e9m foi roubada. \u00c9 especialmente triste, considerando a complexidade das negocia\u00e7\u00f5es para sua aquisi\u00e7\u00e3o ao longo dos anos&#8221;.<\/p>\n\n\n\n<p><\/p>\n","protected":false},"excerpt":{"rendered":"<p>A princesa Isabel d&#8217;Orleans, bisneta de Dom Pedro II, foi a \u00faltima pessoa a exibir publicamente uma das joias roubadas do Museu do Louvre, em Paris, neste domingo (19): um colar de safira que pertenceu \u00e0 rainha Maria Am\u00e9lia da Fran\u00e7a, esposa do rei Lu\u00eds Filipe I. Para Paulo Garcez Marins, historiador e diretor do [&hellip;]<\/p>\n","protected":false},"author":4,"featured_media":6666,"comment_status":"open","ping_status":"open","sticky":false,"template":"","format":"standard","meta":{"jnews-multi-image_gallery":[],"jnews_single_post":{"format":"standard"},"jnews_primary_category":[],"jnews_social_meta":[],"jnews_post_split":[],"footnotes":""},"categories":[1],"tags":[],"class_list":["post-6664","post","type-post","status-publish","format-standard","has-post-thumbnail","hentry","category-uncategorized"],"_links":{"self":[{"href":"https:\/\/diariodepernambuco.audiencelabs.com.br\/wp-json\/wp\/v2\/posts\/6664","targetHints":{"allow":["GET"]}}],"collection":[{"href":"https:\/\/diariodepernambuco.audiencelabs.com.br\/wp-json\/wp\/v2\/posts"}],"about":[{"href":"https:\/\/diariodepernambuco.audiencelabs.com.br\/wp-json\/wp\/v2\/types\/post"}],"author":[{"embeddable":true,"href":"https:\/\/diariodepernambuco.audiencelabs.com.br\/wp-json\/wp\/v2\/users\/4"}],"replies":[{"embeddable":true,"href":"https:\/\/diariodepernambuco.audiencelabs.com.br\/wp-json\/wp\/v2\/comments?post=6664"}],"version-history":[{"count":2,"href":"https:\/\/diariodepernambuco.audiencelabs.com.br\/wp-json\/wp\/v2\/posts\/6664\/revisions"}],"predecessor-version":[{"id":6667,"href":"https:\/\/diariodepernambuco.audiencelabs.com.br\/wp-json\/wp\/v2\/posts\/6664\/revisions\/6667"}],"wp:featuredmedia":[{"embeddable":true,"href":"https:\/\/diariodepernambuco.audiencelabs.com.br\/wp-json\/wp\/v2\/media\/6666"}],"wp:attachment":[{"href":"https:\/\/diariodepernambuco.audiencelabs.com.br\/wp-json\/wp\/v2\/media?parent=6664"}],"wp:term":[{"taxonomy":"category","embeddable":true,"href":"https:\/\/diariodepernambuco.audiencelabs.com.br\/wp-json\/wp\/v2\/categories?post=6664"},{"taxonomy":"post_tag","embeddable":true,"href":"https:\/\/diariodepernambuco.audiencelabs.com.br\/wp-json\/wp\/v2\/tags?post=6664"}],"curies":[{"name":"wp","href":"https:\/\/api.w.org\/{rel}","templated":true}]}}