{"id":6672,"date":"2025-10-21T18:30:00","date_gmt":"2025-10-21T21:30:00","guid":{"rendered":"https:\/\/diariodepernambuco.audiencelabs.com.br\/?p=6672"},"modified":"2025-10-20T13:03:51","modified_gmt":"2025-10-20T16:03:51","slug":"amazon-surpreende-a-todos-e-oferece-surpresa-de-graca-para-os-clientes","status":"publish","type":"post","link":"https:\/\/diariodepernambuco.audiencelabs.com.br\/amazon-surpreende-a-todos-e-oferece-surpresa-de-graca-para-os-clientes\/","title":{"rendered":"Amazon surpreende a todos e oferece surpresa de gra\u00e7a para os clientes"},"content":{"rendered":"\n<p>A Amazon Brasil trouxe uma novidade para seus clientes na \u00faltima semana: os membros do programa Prime agora t\u00eam direito a entregas gratuitas em compras a partir de R$ 19, em produtos eleg\u00edveis. A iniciativa coloca a empresa em competi\u00e7\u00e3o direta com o Mercado Livre, que havia anunciado uma estrat\u00e9gia semelhante na semana anterior.<\/p>\n\n\n\n<p>De acordo com o comunicado oficial da empresa, o benef\u00edcio estar\u00e1 dispon\u00edvel inicialmente em sete capitais brasileiras \u2014 S\u00e3o Paulo, Rio de Janeiro, Bras\u00edlia, Belo Horizonte, Fortaleza, Porto Alegre e Recife. A medida faz parte de uma expans\u00e3o log\u00edstica da Amazon voltada a fortalecer suas opera\u00e7\u00f5es no pa\u00eds e melhorar a experi\u00eancia dos clientes.<\/p>\n\n\n\n<p>A presidente da Amazon Brasil, Juliana Sztrajtman, ressaltou que a iniciativa representa um passo significativo no compromisso da empresa com o Brasil: &#8220;A expans\u00e3o das entregas no mesmo dia representa um investimento significativo em nossa infraestrutura log\u00edstica no Brasil e demonstra nosso compromisso de longo prazo com o pa\u00eds&#8221;.<\/p>\n\n\n\n<p>Ela destacou ainda que a Amazon continua investindo para agilizar as entregas e oferecer mais conveni\u00eancia aos consumidores, refor\u00e7ando o compromisso de tornar o servi\u00e7o Prime uma das experi\u00eancias de compra mais r\u00e1pidas e confi\u00e1veis do Brasil.<\/p>\n\n\n\n<h2 class=\"wp-block-heading\">Entrega r\u00e1pida e gratuita refor\u00e7a presen\u00e7a da Amazon no Brasil<\/h2>\n\n\n\n<p>Com a novidade das entregas gratuitas a partir de R$ 19, a Amazon busca fortalecer sua opera\u00e7\u00e3o no pa\u00eds e oferecer uma experi\u00eancia de compra ainda mais \u00e1gil e pr\u00e1tica para os clientes do Prime. A iniciativa chega como uma resposta \u00e0 concorr\u00eancia e demonstra o compromisso da empresa em investir na log\u00edstica nacional.<\/p>\n\n\n\n<p>Al\u00e9m de ampliar a conveni\u00eancia, a medida evidencia a estrat\u00e9gia da Amazon de tornar o Prime um servi\u00e7o mais completo e competitivo, garantindo rapidez, confiabilidade e benef\u00edcios exclusivos para seus assinantes, consolidando sua posi\u00e7\u00e3o no mercado brasileiro de e-commerce.<\/p>\n\n\n\n<p><\/p>\n","protected":false},"excerpt":{"rendered":"<p>A Amazon Brasil trouxe uma novidade para seus clientes na \u00faltima semana: os membros do programa Prime agora t\u00eam direito a entregas gratuitas em compras a partir de R$ 19, em produtos eleg\u00edveis. A iniciativa coloca a empresa em competi\u00e7\u00e3o direta com o Mercado Livre, que havia anunciado uma estrat\u00e9gia semelhante na semana anterior. De [&hellip;]<\/p>\n","protected":false},"author":4,"featured_media":6328,"comment_status":"open","ping_status":"open","sticky":false,"template":"","format":"standard","meta":{"jnews-multi-image_gallery":[],"jnews_single_post":{"format":"standard"},"jnews_primary_category":[],"jnews_social_meta":[],"jnews_post_split":[],"footnotes":""},"categories":[1],"tags":[],"class_list":["post-6672","post","type-post","status-publish","format-standard","has-post-thumbnail","hentry","category-uncategorized"],"_links":{"self":[{"href":"https:\/\/diariodepernambuco.audiencelabs.com.br\/wp-json\/wp\/v2\/posts\/6672","targetHints":{"allow":["GET"]}}],"collection":[{"href":"https:\/\/diariodepernambuco.audiencelabs.com.br\/wp-json\/wp\/v2\/posts"}],"about":[{"href":"https:\/\/diariodepernambuco.audiencelabs.com.br\/wp-json\/wp\/v2\/types\/post"}],"author":[{"embeddable":true,"href":"https:\/\/diariodepernambuco.audiencelabs.com.br\/wp-json\/wp\/v2\/users\/4"}],"replies":[{"embeddable":true,"href":"https:\/\/diariodepernambuco.audiencelabs.com.br\/wp-json\/wp\/v2\/comments?post=6672"}],"version-history":[{"count":2,"href":"https:\/\/diariodepernambuco.audiencelabs.com.br\/wp-json\/wp\/v2\/posts\/6672\/revisions"}],"predecessor-version":[{"id":6674,"href":"https:\/\/diariodepernambuco.audiencelabs.com.br\/wp-json\/wp\/v2\/posts\/6672\/revisions\/6674"}],"wp:featuredmedia":[{"embeddable":true,"href":"https:\/\/diariodepernambuco.audiencelabs.com.br\/wp-json\/wp\/v2\/media\/6328"}],"wp:attachment":[{"href":"https:\/\/diariodepernambuco.audiencelabs.com.br\/wp-json\/wp\/v2\/media?parent=6672"}],"wp:term":[{"taxonomy":"category","embeddable":true,"href":"https:\/\/diariodepernambuco.audiencelabs.com.br\/wp-json\/wp\/v2\/categories?post=6672"},{"taxonomy":"post_tag","embeddable":true,"href":"https:\/\/diariodepernambuco.audiencelabs.com.br\/wp-json\/wp\/v2\/tags?post=6672"}],"curies":[{"name":"wp","href":"https:\/\/api.w.org\/{rel}","templated":true}]}}