{"id":6675,"date":"2025-10-20T19:00:00","date_gmt":"2025-10-20T22:00:00","guid":{"rendered":"https:\/\/diariodepernambuco.audiencelabs.com.br\/?p=6675"},"modified":"2025-10-24T14:56:30","modified_gmt":"2025-10-24T17:56:30","slug":"suber-confirmou-banimentod-de-diversos-motoristas-parceiros","status":"publish","type":"post","link":"https:\/\/diariodepernambuco.audiencelabs.com.br\/suber-confirmou-banimentod-de-diversos-motoristas-parceiros\/","title":{"rendered":"Uber bane motoristas parceiros que n\u00e3o cumprirem normas b\u00e1sicas"},"content":{"rendered":"\n<p>Desde a cria\u00e7\u00e3o, a Uber Brasil bane motoristas parceiros da plataforma por diversas infra\u00e7\u00f5es. A empresa estabelece cinco alertas importantes para que os condutores estejam cientes das situa\u00e7\u00f5es que podem levar \u00e0 suspens\u00e3o ou exclus\u00e3o definitiva da conta.<\/p>\n\n\n\n<p>Entre os principais motivos est\u00e3o: dire\u00e7\u00e3o perigosa, uso de ve\u00edculos n\u00e3o cadastrados, falhas na verifica\u00e7\u00e3o de identidade, comportamento discriminat\u00f3rio e avalia\u00e7\u00f5es negativas recorrentes. A Uber tamb\u00e9m informou que os motoristas podem solicitar a revis\u00e3o de qualquer decis\u00e3o que remova o acesso permanente \u00e0s contas.<\/p>\n\n\n\n<p>A medida faz parte de uma iniciativa da Uber para garantir mais seguran\u00e7a e qualidade no servi\u00e7o, tanto para passageiros quanto para os pr\u00f3prios motoristas. Segundo a empresa, o objetivo \u00e9 manter padr\u00f5es elevados de conduta e confiabilidade na plataforma, evitando riscos e protegendo a reputa\u00e7\u00e3o do servi\u00e7o.<\/p>\n\n\n\n<p>A Uber refor\u00e7a que os condutores devem manter cadastros atualizados, seguir as regras de tr\u00e2nsito e tratar passageiros com respeito, pois reincid\u00eancias podem levar ao banimento. A plataforma oferece canais de suporte para esclarecer d\u00favidas e contestar san\u00e7\u00f5es.<\/p>\n\n\n\n<h2 class=\"wp-block-heading\">Como se tornar um motorista da Uber?<\/h2>\n\n\n\n<ol class=\"wp-block-list\">\n<li>Verifique os requisitos<\/li>\n<\/ol>\n\n\n\n<ul class=\"wp-block-list\">\n<li>Ter idade m\u00ednima de 21 anos (varia conforme a cidade).<\/li>\n\n\n\n<li>Possuir CNH com autoriza\u00e7\u00e3o para transporte remunerado de passageiros (no caso de algumas cidades, basta a CNH comum).<\/li>\n\n\n\n<li>Ter ve\u00edculo pr\u00f3prio que atenda \u00e0s exig\u00eancias da Uber (modelo, ano e condi\u00e7\u00f5es do carro).<\/li>\n\n\n\n<li>Apresentar documentos pessoais e do ve\u00edculo v\u00e1lidos.<\/li>\n<\/ul>\n\n\n\n<ol start=\"2\" class=\"wp-block-list\">\n<li>Fa\u00e7a o cadastro na plataforma<\/li>\n<\/ol>\n\n\n\n<ul class=\"wp-block-list\">\n<li>Acesse o site ou aplicativo da Uber e cadastre-se como motorista.<\/li>\n\n\n\n<li>Preencha informa\u00e7\u00f5es pessoais, dados do ve\u00edculo e fa\u00e7a o upload de documentos.<\/li>\n<\/ul>\n\n\n\n<ol start=\"3\" class=\"wp-block-list\">\n<li>Passe pela verifica\u00e7\u00e3o de antecedentes<\/li>\n<\/ol>\n\n\n\n<ul class=\"wp-block-list\">\n<li>A Uber realiza checagem de antecedentes criminais e do hist\u00f3rico de tr\u00e2nsito para garantir a seguran\u00e7a de passageiros e motoristas.<\/li>\n<\/ul>\n\n\n\n<ol start=\"4\" class=\"wp-block-list\">\n<li>Participe do treinamento (quando necess\u00e1rio)<\/li>\n<\/ol>\n\n\n\n<ul class=\"wp-block-list\">\n<li>Algumas cidades exigem treinamento ou orienta\u00e7\u00e3o online sobre boas pr\u00e1ticas, uso do aplicativo e atendimento ao cliente.<\/li>\n<\/ul>\n\n\n\n<ol start=\"5\" class=\"wp-block-list\">\n<li>Ative sua conta e comece a dirigir<\/li>\n<\/ol>\n\n\n\n<ul class=\"wp-block-list\">\n<li>Ap\u00f3s aprova\u00e7\u00e3o, sua conta \u00e9 ativada e voc\u00ea pode come\u00e7ar a receber solicita\u00e7\u00f5es de corrida pelo aplicativo.<\/li>\n\n\n\n<li>\u00c9 importante manter o aplicativo atualizado e seguir as normas de tr\u00e2nsito e conduta da Uber.<\/li>\n<\/ul>\n\n\n\n<p><\/p>\n","protected":false},"excerpt":{"rendered":"<p>Desde a cria\u00e7\u00e3o, a Uber Brasil bane motoristas parceiros da plataforma por diversas infra\u00e7\u00f5es. A empresa estabelece cinco alertas importantes para que os condutores estejam cientes das situa\u00e7\u00f5es que podem levar \u00e0 suspens\u00e3o ou exclus\u00e3o definitiva da conta. Entre os principais motivos est\u00e3o: dire\u00e7\u00e3o perigosa, uso de ve\u00edculos n\u00e3o cadastrados, falhas na verifica\u00e7\u00e3o de identidade, [&hellip;]<\/p>\n","protected":false},"author":4,"featured_media":857,"comment_status":"open","ping_status":"open","sticky":false,"template":"","format":"standard","meta":{"jnews-multi-image_gallery":[],"jnews_single_post":{"format":"standard"},"jnews_primary_category":[],"jnews_social_meta":[],"jnews_post_split":[],"footnotes":""},"categories":[1],"tags":[],"class_list":["post-6675","post","type-post","status-publish","format-standard","has-post-thumbnail","hentry","category-uncategorized"],"_links":{"self":[{"href":"https:\/\/diariodepernambuco.audiencelabs.com.br\/wp-json\/wp\/v2\/posts\/6675","targetHints":{"allow":["GET"]}}],"collection":[{"href":"https:\/\/diariodepernambuco.audiencelabs.com.br\/wp-json\/wp\/v2\/posts"}],"about":[{"href":"https:\/\/diariodepernambuco.audiencelabs.com.br\/wp-json\/wp\/v2\/types\/post"}],"author":[{"embeddable":true,"href":"https:\/\/diariodepernambuco.audiencelabs.com.br\/wp-json\/wp\/v2\/users\/4"}],"replies":[{"embeddable":true,"href":"https:\/\/diariodepernambuco.audiencelabs.com.br\/wp-json\/wp\/v2\/comments?post=6675"}],"version-history":[{"count":3,"href":"https:\/\/diariodepernambuco.audiencelabs.com.br\/wp-json\/wp\/v2\/posts\/6675\/revisions"}],"predecessor-version":[{"id":7192,"href":"https:\/\/diariodepernambuco.audiencelabs.com.br\/wp-json\/wp\/v2\/posts\/6675\/revisions\/7192"}],"wp:featuredmedia":[{"embeddable":true,"href":"https:\/\/diariodepernambuco.audiencelabs.com.br\/wp-json\/wp\/v2\/media\/857"}],"wp:attachment":[{"href":"https:\/\/diariodepernambuco.audiencelabs.com.br\/wp-json\/wp\/v2\/media?parent=6675"}],"wp:term":[{"taxonomy":"category","embeddable":true,"href":"https:\/\/diariodepernambuco.audiencelabs.com.br\/wp-json\/wp\/v2\/categories?post=6675"},{"taxonomy":"post_tag","embeddable":true,"href":"https:\/\/diariodepernambuco.audiencelabs.com.br\/wp-json\/wp\/v2\/tags?post=6675"}],"curies":[{"name":"wp","href":"https:\/\/api.w.org\/{rel}","templated":true}]}}