{"id":6679,"date":"2025-10-20T20:00:00","date_gmt":"2025-10-20T23:00:00","guid":{"rendered":"https:\/\/diariodepernambuco.audiencelabs.com.br\/?p=6679"},"modified":"2025-10-20T13:12:37","modified_gmt":"2025-10-20T16:12:37","slug":"caixa-traz-melhor-noticia-do-ano-pra-quem-usa-minha-casa-minha-vida","status":"publish","type":"post","link":"https:\/\/diariodepernambuco.audiencelabs.com.br\/caixa-traz-melhor-noticia-do-ano-pra-quem-usa-minha-casa-minha-vida\/","title":{"rendered":"Caixa traz melhor not\u00edcia do ano pra quem usa Minha Casa Minha Vida"},"content":{"rendered":"\n<p>A Caixa Econ\u00f4mica Federal finalizou, neste m\u00eas de outubro, o ciclo de contrata\u00e7\u00f5es do programa Minha Casa, Minha Vida (MCMV) na regi\u00e3o Norte do Rio Grande do Sul. Ser\u00e3o beneficiadas 1.536 fam\u00edlias com moradias dignas, em um investimento total de cerca de R$ 202 milh\u00f5es, financiado pelo Fundo de Arrendamento Residencial (FAR), Fundo de Desenvolvimento Social (FDS) e Or\u00e7amento Geral da Uni\u00e3o (OGU).<\/p>\n\n\n\n<p>A iniciativa abrange \u00e1reas urbanas e rurais, por meio das modalidades Entidades e Rural, refor\u00e7ando o papel social do MCMV no enfrentamento do d\u00e9ficit habitacional entre fam\u00edlias de baixa renda. As novas unidades est\u00e3o distribu\u00eddas em 46 munic\u00edpios da regi\u00e3o norte do estado, organizadas da seguinte forma:<\/p>\n\n\n\n<ul class=\"wp-block-list\">\n<li>MCMV FAR (urbano): 490 moradias<\/li>\n\n\n\n<li>MCMV FDS Entidades: 402 moradias<\/li>\n\n\n\n<li>MCMV Rural: 644 unidades (entre novas constru\u00e7\u00f5es e melhorias habitacionais)<\/li>\n<\/ul>\n\n\n\n<p>Esses n\u00fameros demonstram o compromisso do governo federal e da Caixa em garantir o direito \u00e0 moradia para fam\u00edlias de baixa renda, incluindo agricultores, comunidades ind\u00edgenas e trabalhadores rurais com renda anual de at\u00e9 R$ 40 mil, conforme a Portaria MCID 353\/2024.<\/p>\n\n\n\n<p>Segundo o superintendente de Rede da Caixa no Norte Ga\u00facho, Ricardo Bier Troglio, o sucesso da opera\u00e7\u00e3o decorreu da integra\u00e7\u00e3o entre a Caixa e o Minist\u00e9rio das Cidades: &#8220;A casa pr\u00f3pria \u00e9 a maior express\u00e3o da cidadania; nesse sentido, a Caixa transforma vidas e melhora a realidade social dos munic\u00edpios em que atua&#8221;.<\/p>\n\n\n\n<h2 class=\"wp-block-heading\">O que \u00e9 o Minha Casa Minha Vida?<\/h2>\n\n\n\n<p>O Minha Casa Minha Vida (MCMV) \u00e9 um programa habitacional do governo federal do Brasil criado em 2009, com o objetivo de facilitar o acesso \u00e0 moradia para fam\u00edlias de baixa renda. Ele busca reduzir o d\u00e9ficit habitacional no pa\u00eds, oferecendo casas e apartamentos com condi\u00e7\u00f5es de financiamento facilitadas, subs\u00eddios e taxas de juros menores.<\/p>\n\n\n\n<p><\/p>\n","protected":false},"excerpt":{"rendered":"<p>A Caixa Econ\u00f4mica Federal finalizou, neste m\u00eas de outubro, o ciclo de contrata\u00e7\u00f5es do programa Minha Casa, Minha Vida (MCMV) na regi\u00e3o Norte do Rio Grande do Sul. Ser\u00e3o beneficiadas 1.536 fam\u00edlias com moradias dignas, em um investimento total de cerca de R$ 202 milh\u00f5es, financiado pelo Fundo de Arrendamento Residencial (FAR), Fundo de Desenvolvimento [&hellip;]<\/p>\n","protected":false},"author":4,"featured_media":6005,"comment_status":"open","ping_status":"open","sticky":false,"template":"","format":"standard","meta":{"jnews-multi-image_gallery":[],"jnews_single_post":{"format":"standard"},"jnews_primary_category":[],"jnews_social_meta":[],"jnews_post_split":[],"footnotes":""},"categories":[1],"tags":[],"class_list":["post-6679","post","type-post","status-publish","format-standard","has-post-thumbnail","hentry","category-uncategorized"],"_links":{"self":[{"href":"https:\/\/diariodepernambuco.audiencelabs.com.br\/wp-json\/wp\/v2\/posts\/6679","targetHints":{"allow":["GET"]}}],"collection":[{"href":"https:\/\/diariodepernambuco.audiencelabs.com.br\/wp-json\/wp\/v2\/posts"}],"about":[{"href":"https:\/\/diariodepernambuco.audiencelabs.com.br\/wp-json\/wp\/v2\/types\/post"}],"author":[{"embeddable":true,"href":"https:\/\/diariodepernambuco.audiencelabs.com.br\/wp-json\/wp\/v2\/users\/4"}],"replies":[{"embeddable":true,"href":"https:\/\/diariodepernambuco.audiencelabs.com.br\/wp-json\/wp\/v2\/comments?post=6679"}],"version-history":[{"count":3,"href":"https:\/\/diariodepernambuco.audiencelabs.com.br\/wp-json\/wp\/v2\/posts\/6679\/revisions"}],"predecessor-version":[{"id":6682,"href":"https:\/\/diariodepernambuco.audiencelabs.com.br\/wp-json\/wp\/v2\/posts\/6679\/revisions\/6682"}],"wp:featuredmedia":[{"embeddable":true,"href":"https:\/\/diariodepernambuco.audiencelabs.com.br\/wp-json\/wp\/v2\/media\/6005"}],"wp:attachment":[{"href":"https:\/\/diariodepernambuco.audiencelabs.com.br\/wp-json\/wp\/v2\/media?parent=6679"}],"wp:term":[{"taxonomy":"category","embeddable":true,"href":"https:\/\/diariodepernambuco.audiencelabs.com.br\/wp-json\/wp\/v2\/categories?post=6679"},{"taxonomy":"post_tag","embeddable":true,"href":"https:\/\/diariodepernambuco.audiencelabs.com.br\/wp-json\/wp\/v2\/tags?post=6679"}],"curies":[{"name":"wp","href":"https:\/\/api.w.org\/{rel}","templated":true}]}}