{"id":6683,"date":"2025-10-21T18:30:00","date_gmt":"2025-10-21T21:30:00","guid":{"rendered":"https:\/\/diariodepernambuco.audiencelabs.com.br\/?p=6683"},"modified":"2025-10-20T16:06:23","modified_gmt":"2025-10-20T19:06:23","slug":"bolsa-familia-de-outubro-datas-e-valores-do-beneficio","status":"publish","type":"post","link":"https:\/\/diariodepernambuco.audiencelabs.com.br\/bolsa-familia-de-outubro-datas-e-valores-do-beneficio\/","title":{"rendered":"Bolsa Fam\u00edlia de outubro: datas e valores do benef\u00edcio"},"content":{"rendered":"\n<p>A Caixa Econ\u00f4mica Federal come\u00e7ou nesta segunda-feira (20) os pagamentos de outubro do Bolsa Fam\u00edlia 2025. Os primeiros contemplados s\u00e3o os benefici\u00e1rios cujo N\u00famero de Identifica\u00e7\u00e3o Social (NIS) termina em 1. O calend\u00e1rio de repasses segue de forma escalonada at\u00e9 o dia 31 de outubro, quando recebem os inscritos com NIS final 0.<\/p>\n\n\n\n<p>A principal condi\u00e7\u00e3o para receber o Bolsa Fam\u00edlia \u00e9 ter renda mensal de at\u00e9 R$ 218 por pessoa. Para verificar se a fam\u00edlia se enquadra, basta somar todos os rendimentos e dividir pelo n\u00famero de integrantes; se o resultado for inferior a esse valor, a fam\u00edlia \u00e9 considerada eleg\u00edvel ao programa.<\/p>\n\n\n\n<p>Al\u00e9m disso, os benefici\u00e1rios devem cumprir algumas condicionalidades, como manter crian\u00e7as e adolescentes matriculados na escola, realizar o pr\u00e9-natal (no caso de gestantes) e manter a vacina\u00e7\u00e3o em dia. Tamb\u00e9m \u00e9 necess\u00e1rio estar inscrito no Cadastro \u00danico (Cad\u00danico) e aguardar a an\u00e1lise de aprova\u00e7\u00e3o para come\u00e7ar a receber o benef\u00edcio.<\/p>\n\n\n\n<p>Os benefici\u00e1rios do Bolsa Fam\u00edlia podem acessar e movimentar os valores pelo aplicativo Caixa TEM ou internet banking, sem precisar ir at\u00e9 uma ag\u00eancia. A Caixa tamb\u00e9m informa que o cart\u00e3o do programa pode ser usado para compras em estabelecimentos, na fun\u00e7\u00e3o d\u00e9bito.<\/p>\n\n\n\n<h2 class=\"wp-block-heading\">Calend\u00e1rio do Bolsa Fam\u00edlia para outubro de 2025<\/h2>\n\n\n\n<ul class=\"wp-block-list\">\n<li>Final do NIS: 1 &#8211; pagamento em 20\/10<\/li>\n\n\n\n<li>Final do NIS: 2 &#8211; pagamento em 21\/10<\/li>\n\n\n\n<li>Final do NIS: 3 &#8211; pagamento em 22\/10<\/li>\n\n\n\n<li>Final do NIS: 4 &#8211; pagamento em 23\/10<\/li>\n\n\n\n<li>Final do NIS: 5 &#8211; pagamento em 24\/10<\/li>\n\n\n\n<li>Final do NIS: 6 &#8211; pagamento em 27\/10<\/li>\n\n\n\n<li>Final do NIS: 7 &#8211; pagamento em 28\/10<\/li>\n\n\n\n<li>Final do NIS: 8 &#8211; pagamento em 29\/10<\/li>\n\n\n\n<li>Final do NIS: 9 &#8211; pagamento em 30\/10<\/li>\n\n\n\n<li>Final do NIS: 0 &#8211; pagamento em 31\/10<\/li>\n<\/ul>\n\n\n\n<p><\/p>\n","protected":false},"excerpt":{"rendered":"<p>A Caixa Econ\u00f4mica Federal come\u00e7ou nesta segunda-feira (20) os pagamentos de outubro do Bolsa Fam\u00edlia 2025. Os primeiros contemplados s\u00e3o os benefici\u00e1rios cujo N\u00famero de Identifica\u00e7\u00e3o Social (NIS) termina em 1. O calend\u00e1rio de repasses segue de forma escalonada at\u00e9 o dia 31 de outubro, quando recebem os inscritos com NIS final 0. A principal [&hellip;]<\/p>\n","protected":false},"author":4,"featured_media":1522,"comment_status":"open","ping_status":"open","sticky":false,"template":"","format":"standard","meta":{"jnews-multi-image_gallery":[],"jnews_single_post":{"format":"standard"},"jnews_primary_category":[],"jnews_social_meta":[],"jnews_post_split":[],"footnotes":""},"categories":[1],"tags":[],"class_list":["post-6683","post","type-post","status-publish","format-standard","has-post-thumbnail","hentry","category-uncategorized"],"_links":{"self":[{"href":"https:\/\/diariodepernambuco.audiencelabs.com.br\/wp-json\/wp\/v2\/posts\/6683","targetHints":{"allow":["GET"]}}],"collection":[{"href":"https:\/\/diariodepernambuco.audiencelabs.com.br\/wp-json\/wp\/v2\/posts"}],"about":[{"href":"https:\/\/diariodepernambuco.audiencelabs.com.br\/wp-json\/wp\/v2\/types\/post"}],"author":[{"embeddable":true,"href":"https:\/\/diariodepernambuco.audiencelabs.com.br\/wp-json\/wp\/v2\/users\/4"}],"replies":[{"embeddable":true,"href":"https:\/\/diariodepernambuco.audiencelabs.com.br\/wp-json\/wp\/v2\/comments?post=6683"}],"version-history":[{"count":3,"href":"https:\/\/diariodepernambuco.audiencelabs.com.br\/wp-json\/wp\/v2\/posts\/6683\/revisions"}],"predecessor-version":[{"id":6687,"href":"https:\/\/diariodepernambuco.audiencelabs.com.br\/wp-json\/wp\/v2\/posts\/6683\/revisions\/6687"}],"wp:featuredmedia":[{"embeddable":true,"href":"https:\/\/diariodepernambuco.audiencelabs.com.br\/wp-json\/wp\/v2\/media\/1522"}],"wp:attachment":[{"href":"https:\/\/diariodepernambuco.audiencelabs.com.br\/wp-json\/wp\/v2\/media?parent=6683"}],"wp:term":[{"taxonomy":"category","embeddable":true,"href":"https:\/\/diariodepernambuco.audiencelabs.com.br\/wp-json\/wp\/v2\/categories?post=6683"},{"taxonomy":"post_tag","embeddable":true,"href":"https:\/\/diariodepernambuco.audiencelabs.com.br\/wp-json\/wp\/v2\/tags?post=6683"}],"curies":[{"name":"wp","href":"https:\/\/api.w.org\/{rel}","templated":true}]}}