{"id":6693,"date":"2025-10-21T20:00:00","date_gmt":"2025-10-21T23:00:00","guid":{"rendered":"https:\/\/diariodepernambuco.audiencelabs.com.br\/?p=6693"},"modified":"2025-10-20T16:27:28","modified_gmt":"2025-10-20T19:27:28","slug":"mercado-super-renomado-serviu-comida-com-larvas-para-os-clientes","status":"publish","type":"post","link":"https:\/\/diariodepernambuco.audiencelabs.com.br\/mercado-super-renomado-serviu-comida-com-larvas-para-os-clientes\/","title":{"rendered":"Mercado super renomado serviu comida com larvas para os clientes"},"content":{"rendered":"\n<p>O Carrefour foi condenado a pagar R$ 50 mil em indeniza\u00e7\u00e3o por danos morais a uma ex-frentista, ap\u00f3s a 2\u00aa Vara do Trabalho de Guaruj\u00e1 reconhecer, com base em provas apresentadas pela funcion\u00e1ria, as \u201cp\u00e9ssimas\u201d condi\u00e7\u00f5es de alimenta\u00e7\u00e3o oferecidas aos empregados, incluindo a presen\u00e7a de larvas e insetos nas refei\u00e7\u00f5es.<\/p>\n\n\n\n<p>De acordo com o G1, o Carrefour recorreu da decis\u00e3o. Em nota, a empresa classificou as acusa\u00e7\u00f5es como infundadas, informou ter tomado medidas imediatas \u2014 como a substitui\u00e7\u00e3o da empresa terceirizada respons\u00e1vel pela alimenta\u00e7\u00e3o \u2014 e reafirmou seu compromisso em manter um ambiente de trabalho seguro e respeitoso.<\/p>\n\n\n\n<p>A ex-funcion\u00e1ria trabalhou no local entre outubro de 2022 e maio de 2025 e relatou \u00e0 Justi\u00e7a que a alimenta\u00e7\u00e3o oferecida era insuficiente, inadequada e degradante. Segundo seu depoimento, os funcion\u00e1rios do posto recebiam refei\u00e7\u00f5es diferentes das servidas aos empregados do mercado.<\/p>\n\n\n\n<p>Na defesa, o Carrefour afirmou que as declara\u00e7\u00f5es da trabalhadora eram fantasiosas e sustentou oferecer boas condi\u00e7\u00f5es de trabalho a seus colaboradores. No entanto, o juiz Eduardo Jos\u00e9 Matiota condenou a empresa ap\u00f3s testemunhas confirmarem as irregularidades descritas pela ex-funcion\u00e1ria.<\/p>\n\n\n\n<p>Os advogados da ex-frentista, Lucas Pinho e Luc\u00e9lia Santos, haviam solicitado uma indeniza\u00e7\u00e3o de R$ 61,5 mil, mas o valor foi reduzido pelo juiz. Al\u00e9m disso, o Carrefour foi condenado a pagar uma compensa\u00e7\u00e3o equivalente ao aux\u00edlio-refei\u00e7\u00e3o, calculada proporcionalmente aos dias trabalhados pela funcion\u00e1ria no posto.<\/p>\n\n\n\n<p>Na mesma a\u00e7\u00e3o, a trabalhadora tamb\u00e9m denunciou ac\u00famulo de fun\u00e7\u00f5es e afirmou que n\u00e3o conseguia usufruir corretamente do intervalo de almo\u00e7o, j\u00e1 que o posto ficava a cerca de 10 minutos do refeit\u00f3rio. Ela ainda relatou que levar comida de casa era invi\u00e1vel, pois o local dispunha de apenas um micro-ondas para uso dos funcion\u00e1rios.<\/p>\n\n\n\n<p><\/p>\n","protected":false},"excerpt":{"rendered":"<p>O Carrefour foi condenado a pagar R$ 50 mil em indeniza\u00e7\u00e3o por danos morais a uma ex-frentista, ap\u00f3s a 2\u00aa Vara do Trabalho de Guaruj\u00e1 reconhecer, com base em provas apresentadas pela funcion\u00e1ria, as \u201cp\u00e9ssimas\u201d condi\u00e7\u00f5es de alimenta\u00e7\u00e3o oferecidas aos empregados, incluindo a presen\u00e7a de larvas e insetos nas refei\u00e7\u00f5es. De acordo com o G1, [&hellip;]<\/p>\n","protected":false},"author":4,"featured_media":6696,"comment_status":"open","ping_status":"open","sticky":false,"template":"","format":"standard","meta":{"jnews-multi-image_gallery":[],"jnews_single_post":[],"jnews_primary_category":[],"jnews_social_meta":[],"jnews_post_split":[],"footnotes":""},"categories":[1],"tags":[],"class_list":["post-6693","post","type-post","status-publish","format-standard","has-post-thumbnail","hentry","category-uncategorized"],"_links":{"self":[{"href":"https:\/\/diariodepernambuco.audiencelabs.com.br\/wp-json\/wp\/v2\/posts\/6693","targetHints":{"allow":["GET"]}}],"collection":[{"href":"https:\/\/diariodepernambuco.audiencelabs.com.br\/wp-json\/wp\/v2\/posts"}],"about":[{"href":"https:\/\/diariodepernambuco.audiencelabs.com.br\/wp-json\/wp\/v2\/types\/post"}],"author":[{"embeddable":true,"href":"https:\/\/diariodepernambuco.audiencelabs.com.br\/wp-json\/wp\/v2\/users\/4"}],"replies":[{"embeddable":true,"href":"https:\/\/diariodepernambuco.audiencelabs.com.br\/wp-json\/wp\/v2\/comments?post=6693"}],"version-history":[{"count":3,"href":"https:\/\/diariodepernambuco.audiencelabs.com.br\/wp-json\/wp\/v2\/posts\/6693\/revisions"}],"predecessor-version":[{"id":6697,"href":"https:\/\/diariodepernambuco.audiencelabs.com.br\/wp-json\/wp\/v2\/posts\/6693\/revisions\/6697"}],"wp:featuredmedia":[{"embeddable":true,"href":"https:\/\/diariodepernambuco.audiencelabs.com.br\/wp-json\/wp\/v2\/media\/6696"}],"wp:attachment":[{"href":"https:\/\/diariodepernambuco.audiencelabs.com.br\/wp-json\/wp\/v2\/media?parent=6693"}],"wp:term":[{"taxonomy":"category","embeddable":true,"href":"https:\/\/diariodepernambuco.audiencelabs.com.br\/wp-json\/wp\/v2\/categories?post=6693"},{"taxonomy":"post_tag","embeddable":true,"href":"https:\/\/diariodepernambuco.audiencelabs.com.br\/wp-json\/wp\/v2\/tags?post=6693"}],"curies":[{"name":"wp","href":"https:\/\/api.w.org\/{rel}","templated":true}]}}