{"id":6698,"date":"2025-10-21T08:00:00","date_gmt":"2025-10-21T11:00:00","guid":{"rendered":"https:\/\/diariodepernambuco.audiencelabs.com.br\/?p=6698"},"modified":"2025-10-20T16:39:46","modified_gmt":"2025-10-20T19:39:46","slug":"revelado-quais-os-remedios-que-realmente-funcionam-para-rinite","status":"publish","type":"post","link":"https:\/\/diariodepernambuco.audiencelabs.com.br\/revelado-quais-os-remedios-que-realmente-funcionam-para-rinite\/","title":{"rendered":"Revelado quais os rem\u00e9dios que realmente funcionam para rinite"},"content":{"rendered":"\n<p>A rinite \u00e9 uma condi\u00e7\u00e3o que afeta milh\u00f5es de pessoas, causando sintomas como espirros, coceira no nariz, congest\u00e3o e olhos lacrimejantes, impactando diretamente a qualidade de vida. Com tantas op\u00e7\u00f5es de tratamentos dispon\u00edveis \u2014 desde medicamentos de venda livre at\u00e9 prescri\u00e7\u00f5es mais espec\u00edficas \u2014, pode ser dif\u00edcil saber quais realmente trazem al\u00edvio eficaz e duradouro.<\/p>\n\n\n\n<p>Entre os medicamentos mais eficazes para controlar os sintomas da rinite est\u00e1 a loratadina, um antial\u00e9rgico de segunda gera\u00e7\u00e3o que ajuda a reduzir espirros, coceira e olhos lacrimejantes sem causar sonol\u00eancia significativa.<\/p>\n\n\n\n<p>A loratadina atua bloqueando os efeitos da histamina, subst\u00e2ncia liberada pelo corpo durante rea\u00e7\u00f5es al\u00e9rgicas, proporcionando al\u00edvio r\u00e1pido e prolongado para quem sofre com a condi\u00e7\u00e3o. Al\u00e9m de ser facilmente encontrada em farm\u00e1cias, ela pode ser utilizada tanto em adultos quanto em crian\u00e7as, seguindo sempre a orienta\u00e7\u00e3o m\u00e9dica ou da bula.<\/p>\n\n\n\n<p>Al\u00e9m da loratadina, outros medicamentos tamb\u00e9m s\u00e3o recomendados para o tratamento da rinite, dependendo do tipo e da gravidade dos sintomas. Descongestionantes nasais, por exemplo, podem ajudar a reduzir a congest\u00e3o temporariamente, mas devem ser usados com cautela para evitar efeito rebote.<\/p>\n\n\n\n<p>J\u00e1 os corticosteroides nasais s\u00e3o indicados para casos mais persistentes, pois ajudam a controlar a inflama\u00e7\u00e3o e prevenir crises, sendo eficazes tanto em rinite al\u00e9rgica quanto n\u00e3o al\u00e9rgica. Al\u00e9m disso, medidas de preven\u00e7\u00e3o como evitar exposi\u00e7\u00e3o a poeira, \u00e1caros, pelos de animais e p\u00f3len s\u00e3o consideradas essenciais.<\/p>\n\n\n\n<h2 class=\"wp-block-heading\">Algumas curiosidades sobre a rinite<\/h2>\n\n\n\n<ul class=\"wp-block-list\">\n<li>N\u00e3o \u00e9 s\u00f3 alergia \u2013 Embora a rinite al\u00e9rgica seja a mais conhecida, existem outros tipos, como a rinite n\u00e3o al\u00e9rgica, causada por altera\u00e7\u00f5es hormonais, polui\u00e7\u00e3o, mudan\u00e7as de temperatura ou medicamentos.<\/li>\n<\/ul>\n\n\n\n<ul class=\"wp-block-list\">\n<li>Afeta mais jovens e adultos jovens \u2013 A rinite \u00e9 mais comum em crian\u00e7as, adolescentes e adultos jovens, mas pode persistir ao longo da vida se n\u00e3o houver controle adequado.<\/li>\n<\/ul>\n\n\n\n<ul class=\"wp-block-list\">\n<li>Sintomas v\u00e3o al\u00e9m do nariz \u2013 Al\u00e9m de espirros e congest\u00e3o, a rinite pode causar fadiga, dor de cabe\u00e7a e dificuldades de concentra\u00e7\u00e3o, impactando o desempenho escolar e profissional.<\/li>\n<\/ul>\n\n\n\n<ul class=\"wp-block-list\">\n<li>Fatores gen\u00e9ticos \u2013 Pessoas com hist\u00f3rico familiar de alergias t\u00eam maior predisposi\u00e7\u00e3o a desenvolver rinite, mostrando que a gen\u00e9tica desempenha um papel importante.<\/li>\n<\/ul>\n\n\n\n<ul class=\"wp-block-list\">\n<li>Clima influencia \u2013 Mudan\u00e7as de temperatura, umidade baixa e exposi\u00e7\u00e3o a poluentes e poeira podem agravar os sintomas, por isso ambientes limpos e ventilados ajudam no controle da doen\u00e7a.<\/li>\n<\/ul>\n\n\n\n<ul class=\"wp-block-list\">\n<li>Tratamento vai al\u00e9m de rem\u00e9dios \u2013 Al\u00e9m de antial\u00e9rgicos e corticosteroides, medidas como lavagem nasal com soro fisiol\u00f3gico ajudam a reduzir inflama\u00e7\u00e3o e desconforto.<\/li>\n<\/ul>\n\n\n\n<p><\/p>\n","protected":false},"excerpt":{"rendered":"<p>A rinite \u00e9 uma condi\u00e7\u00e3o que afeta milh\u00f5es de pessoas, causando sintomas como espirros, coceira no nariz, congest\u00e3o e olhos lacrimejantes, impactando diretamente a qualidade de vida. Com tantas op\u00e7\u00f5es de tratamentos dispon\u00edveis \u2014 desde medicamentos de venda livre at\u00e9 prescri\u00e7\u00f5es mais espec\u00edficas \u2014, pode ser dif\u00edcil saber quais realmente trazem al\u00edvio eficaz e duradouro. [&hellip;]<\/p>\n","protected":false},"author":4,"featured_media":6700,"comment_status":"open","ping_status":"open","sticky":false,"template":"","format":"standard","meta":{"jnews-multi-image_gallery":[],"jnews_single_post":{"format":"standard"},"jnews_primary_category":[],"jnews_social_meta":[],"jnews_post_split":[],"footnotes":""},"categories":[1],"tags":[],"class_list":["post-6698","post","type-post","status-publish","format-standard","has-post-thumbnail","hentry","category-uncategorized"],"_links":{"self":[{"href":"https:\/\/diariodepernambuco.audiencelabs.com.br\/wp-json\/wp\/v2\/posts\/6698","targetHints":{"allow":["GET"]}}],"collection":[{"href":"https:\/\/diariodepernambuco.audiencelabs.com.br\/wp-json\/wp\/v2\/posts"}],"about":[{"href":"https:\/\/diariodepernambuco.audiencelabs.com.br\/wp-json\/wp\/v2\/types\/post"}],"author":[{"embeddable":true,"href":"https:\/\/diariodepernambuco.audiencelabs.com.br\/wp-json\/wp\/v2\/users\/4"}],"replies":[{"embeddable":true,"href":"https:\/\/diariodepernambuco.audiencelabs.com.br\/wp-json\/wp\/v2\/comments?post=6698"}],"version-history":[{"count":2,"href":"https:\/\/diariodepernambuco.audiencelabs.com.br\/wp-json\/wp\/v2\/posts\/6698\/revisions"}],"predecessor-version":[{"id":6703,"href":"https:\/\/diariodepernambuco.audiencelabs.com.br\/wp-json\/wp\/v2\/posts\/6698\/revisions\/6703"}],"wp:featuredmedia":[{"embeddable":true,"href":"https:\/\/diariodepernambuco.audiencelabs.com.br\/wp-json\/wp\/v2\/media\/6700"}],"wp:attachment":[{"href":"https:\/\/diariodepernambuco.audiencelabs.com.br\/wp-json\/wp\/v2\/media?parent=6698"}],"wp:term":[{"taxonomy":"category","embeddable":true,"href":"https:\/\/diariodepernambuco.audiencelabs.com.br\/wp-json\/wp\/v2\/categories?post=6698"},{"taxonomy":"post_tag","embeddable":true,"href":"https:\/\/diariodepernambuco.audiencelabs.com.br\/wp-json\/wp\/v2\/tags?post=6698"}],"curies":[{"name":"wp","href":"https:\/\/api.w.org\/{rel}","templated":true}]}}