{"id":6706,"date":"2025-10-25T09:30:00","date_gmt":"2025-10-25T12:30:00","guid":{"rendered":"https:\/\/diariodepernambuco.audiencelabs.com.br\/?p=6706"},"modified":"2025-10-20T16:48:27","modified_gmt":"2025-10-20T19:48:27","slug":"como-limpar-o-alto-falante-do-celular-que-nao-esta-com-qualidade-de-som","status":"publish","type":"post","link":"https:\/\/diariodepernambuco.audiencelabs.com.br\/como-limpar-o-alto-falante-do-celular-que-nao-esta-com-qualidade-de-som\/","title":{"rendered":"Como limpar o alto-falante do celular que n\u00e3o est\u00e1 com qualidade de som?"},"content":{"rendered":"\n<p>Se o som do seu celular est\u00e1 abafado, distorcido ou com chiados, o problema pode estar no alto-falante obstru\u00eddo por sujeira ou poeira acumulada. Com o tempo, part\u00edculas entram nas aberturas do dispositivo e afetam a qualidade do \u00e1udio. Felizmente, h\u00e1 m\u00e9todos simples e seguros para limpar o alto-falante do celular em casa, sem danificar o aparelho.<\/p>\n\n\n\n<p>Quando o alto-falante do celular come\u00e7a a apresentar som abafado, chiados ou distor\u00e7\u00f5es, a causa mais comum \u00e9 o ac\u00famulo de poeira, fiapos e res\u00edduos nas aberturas do dispositivo. Antes de recorrer a consertos ou substitui\u00e7\u00e3o, \u00e9 poss\u00edvel realizar uma limpeza cuidadosa em casa, seguindo t\u00e9cnicas seguras que n\u00e3o danifiquem o aparelho.<\/p>\n\n\n\n<p>Entre os cuidados mais importantes est\u00e3o evitar produtos l\u00edquidos agressivos, como \u00e1lcool em excesso ou sprays de limpeza, que podem danificar os componentes internos. O ideal \u00e9 usar escovas de cerdas macias, palitos de madeira ou ar comprimido em baixa intensidade para remover a sujeira.<\/p>\n\n\n\n<p>Al\u00e9m disso, limpar regularmente o celular e evitar ambientes empoeirados ajuda a manter o som n\u00edtido e a prolongar a vida \u00fatil do alto-falante. Outra dica importante \u00e9 n\u00e3o inserir objetos met\u00e1licos ou pontiagudos nas grades do alto-falante, pois isso pode perfurar ou danificar os delicados componentes internos.<\/p>\n\n\n\n<p>Para casos de sujeira mais resistente, alguns especialistas recomendam o uso de fita adesiva, pressionando levemente sobre a grade para remover part\u00edculas superficiais sem causar danos. Al\u00e9m da limpeza f\u00edsica, \u00e9 \u00fatil verificar ajustes de software e atualiza\u00e7\u00f5es do sistema, j\u00e1 que falhas de som nem sempre s\u00e3o causadas apenas por sujeira.<\/p>\n\n\n\n<p><\/p>\n","protected":false},"excerpt":{"rendered":"<p>Se o som do seu celular est\u00e1 abafado, distorcido ou com chiados, o problema pode estar no alto-falante obstru\u00eddo por sujeira ou poeira acumulada. Com o tempo, part\u00edculas entram nas aberturas do dispositivo e afetam a qualidade do \u00e1udio. Felizmente, h\u00e1 m\u00e9todos simples e seguros para limpar o alto-falante do celular em casa, sem danificar [&hellip;]<\/p>\n","protected":false},"author":4,"featured_media":6709,"comment_status":"open","ping_status":"open","sticky":false,"template":"","format":"standard","meta":{"jnews-multi-image_gallery":[],"jnews_single_post":{"format":"standard"},"jnews_primary_category":[],"jnews_social_meta":[],"jnews_post_split":[],"footnotes":""},"categories":[1],"tags":[],"class_list":["post-6706","post","type-post","status-publish","format-standard","has-post-thumbnail","hentry","category-uncategorized"],"_links":{"self":[{"href":"https:\/\/diariodepernambuco.audiencelabs.com.br\/wp-json\/wp\/v2\/posts\/6706","targetHints":{"allow":["GET"]}}],"collection":[{"href":"https:\/\/diariodepernambuco.audiencelabs.com.br\/wp-json\/wp\/v2\/posts"}],"about":[{"href":"https:\/\/diariodepernambuco.audiencelabs.com.br\/wp-json\/wp\/v2\/types\/post"}],"author":[{"embeddable":true,"href":"https:\/\/diariodepernambuco.audiencelabs.com.br\/wp-json\/wp\/v2\/users\/4"}],"replies":[{"embeddable":true,"href":"https:\/\/diariodepernambuco.audiencelabs.com.br\/wp-json\/wp\/v2\/comments?post=6706"}],"version-history":[{"count":2,"href":"https:\/\/diariodepernambuco.audiencelabs.com.br\/wp-json\/wp\/v2\/posts\/6706\/revisions"}],"predecessor-version":[{"id":6710,"href":"https:\/\/diariodepernambuco.audiencelabs.com.br\/wp-json\/wp\/v2\/posts\/6706\/revisions\/6710"}],"wp:featuredmedia":[{"embeddable":true,"href":"https:\/\/diariodepernambuco.audiencelabs.com.br\/wp-json\/wp\/v2\/media\/6709"}],"wp:attachment":[{"href":"https:\/\/diariodepernambuco.audiencelabs.com.br\/wp-json\/wp\/v2\/media?parent=6706"}],"wp:term":[{"taxonomy":"category","embeddable":true,"href":"https:\/\/diariodepernambuco.audiencelabs.com.br\/wp-json\/wp\/v2\/categories?post=6706"},{"taxonomy":"post_tag","embeddable":true,"href":"https:\/\/diariodepernambuco.audiencelabs.com.br\/wp-json\/wp\/v2\/tags?post=6706"}],"curies":[{"name":"wp","href":"https:\/\/api.w.org\/{rel}","templated":true}]}}