{"id":6743,"date":"2025-10-21T11:01:17","date_gmt":"2025-10-21T14:01:17","guid":{"rendered":"https:\/\/diariodepernambuco.audiencelabs.com.br\/?p=6743"},"modified":"2025-10-21T11:01:20","modified_gmt":"2025-10-21T14:01:20","slug":"cbf-oficializa-e-atletico-mineiro-e-o-campeao-brasileiro-de-2025","status":"publish","type":"post","link":"https:\/\/diariodepernambuco.audiencelabs.com.br\/cbf-oficializa-e-atletico-mineiro-e-o-campeao-brasileiro-de-2025\/","title":{"rendered":"CBF oficializa e Atl\u00e9tico Mineiro \u00e9 o Campe\u00e3o Brasileiro de 2025"},"content":{"rendered":"\n<p>Um dos clubes mais tradicionais do futebol brasileiro, o Atl\u00e9tico Mineiro deu motivos para sua apaixonada torcida sorrir no \u00faltimo final de semana. Se no futebol profissional o time n\u00e3o tem correspondido \u00e0 altura, os meninos do Sub-17 protagonizaram uma virada hist\u00f3rica para bater o Gr\u00eamio na grande decis\u00e3o do Campeonato Brasileiro da categoria.<\/p>\n\n\n\n<p>Ap\u00f3s perderem a partida de ida pelo placar de 4 a 1, o &#8216;Galinho&#8217; venceu o duelo de volta por 3 a 0 com um gol j\u00e1 nos acr\u00e9scimos. Nos p\u00eanaltis, brilhou o goleiro Kaio Assis, que defendeu a cobran\u00e7a de Harlley com os p\u00e9s, em lance que lembrou a defesa hist\u00f3rica de Victor contra o Tijuana nas quartas de final da Libertadores de 2013, conquistada pelo Atl\u00e9tico.<\/p>\n\n\n<div class=\"wp-block-image\">\n<figure class=\"aligncenter size-full is-resized\"><img loading=\"lazy\" decoding=\"async\" width=\"984\" height=\"656\" src=\"https:\/\/diariodepernambuco.audiencelabs.com.br\/wp-content\/uploads\/2025\/10\/Atletico-campeao.avif\" alt=\"\" class=\"wp-image-6745\" style=\"width:668px;height:auto\" srcset=\"https:\/\/diariodepernambuco.audiencelabs.com.br\/wp-content\/uploads\/2025\/10\/Atletico-campeao.avif 984w, https:\/\/diariodepernambuco.audiencelabs.com.br\/wp-content\/uploads\/2025\/10\/Atletico-campeao-300x200.avif 300w, https:\/\/diariodepernambuco.audiencelabs.com.br\/wp-content\/uploads\/2025\/10\/Atletico-campeao-768x512.avif 768w, https:\/\/diariodepernambuco.audiencelabs.com.br\/wp-content\/uploads\/2025\/10\/Atletico-campeao-750x500.avif 750w\" sizes=\"auto, (max-width: 984px) 100vw, 984px\" \/><figcaption class=\"wp-element-caption\">Premia\u00e7\u00e3o do Atl\u00e9tico sub-17 \u2014 Foto: Rafael Leandro \/ Atl\u00e9tico<\/figcaption><\/figure>\n<\/div>\n\n\n<p>Este foi o primeiro t\u00edtulo do clube mineiro no Brasileir\u00e3o Sub-17. At\u00e9 aqui, a lista de campe\u00f5es contava com Flamengo (2019 e 2021), Fluminense (2020 e 2024) e Palmeiras (2022 e 2023). Do outro lado, o Gr\u00eamio chegou ao seu segundo vice-campeonato.<\/p>\n\n\n\n<p>Nem tudo, por\u00e9m, foi s\u00f3 festa. Na comemora\u00e7\u00e3o do t\u00edtulo, o uso de serpentina azul na cerim\u00f4nia de premia\u00e7\u00e3o, cor que remete ao eterno rival Cruzeiro, irritou os dirigentes atleticanos. Horas depois, a Confedera\u00e7\u00e3o Brasileira de Futebol (CBF) emitiu um pedido de desculpas formal ao clube e aproveitou para parabenizar o Atl\u00e9tico pelo t\u00edtulo.<\/p>\n\n\n\n<p>&#8220;Sobre a cerim\u00f4nia de premia\u00e7\u00e3o e o lan\u00e7amento de serpentinas de cor azul escuro no p\u00f3dio ap\u00f3s a entrega das medalhas e trof\u00e9u, cumpre esclarecer que decorrem da identidade visual da competi\u00e7\u00e3o, presente inclusive no palco. Dessa forma, prestados os esclarecimentos necess\u00e1rios, a CBF parabeniza uma vez mais o Atl\u00e9tico Mineiro pelo t\u00edtulo hist\u00f3rico&#8221;, disse a entidade.<\/p>\n\n\n\n<p><\/p>\n","protected":false},"excerpt":{"rendered":"<p>Um dos clubes mais tradicionais do futebol brasileiro, o Atl\u00e9tico Mineiro deu motivos para sua apaixonada torcida sorrir no \u00faltimo final de semana. Se no futebol profissional o time n\u00e3o tem correspondido \u00e0 altura, os meninos do Sub-17 protagonizaram uma virada hist\u00f3rica para bater o Gr\u00eamio na grande decis\u00e3o do Campeonato Brasileiro da categoria. Ap\u00f3s [&hellip;]<\/p>\n","protected":false},"author":4,"featured_media":6744,"comment_status":"open","ping_status":"open","sticky":false,"template":"","format":"standard","meta":{"jnews-multi-image_gallery":[],"jnews_single_post":{"format":"standard"},"jnews_primary_category":[],"jnews_social_meta":[],"jnews_post_split":[],"footnotes":""},"categories":[1],"tags":[],"class_list":["post-6743","post","type-post","status-publish","format-standard","has-post-thumbnail","hentry","category-uncategorized"],"_links":{"self":[{"href":"https:\/\/diariodepernambuco.audiencelabs.com.br\/wp-json\/wp\/v2\/posts\/6743","targetHints":{"allow":["GET"]}}],"collection":[{"href":"https:\/\/diariodepernambuco.audiencelabs.com.br\/wp-json\/wp\/v2\/posts"}],"about":[{"href":"https:\/\/diariodepernambuco.audiencelabs.com.br\/wp-json\/wp\/v2\/types\/post"}],"author":[{"embeddable":true,"href":"https:\/\/diariodepernambuco.audiencelabs.com.br\/wp-json\/wp\/v2\/users\/4"}],"replies":[{"embeddable":true,"href":"https:\/\/diariodepernambuco.audiencelabs.com.br\/wp-json\/wp\/v2\/comments?post=6743"}],"version-history":[{"count":1,"href":"https:\/\/diariodepernambuco.audiencelabs.com.br\/wp-json\/wp\/v2\/posts\/6743\/revisions"}],"predecessor-version":[{"id":6746,"href":"https:\/\/diariodepernambuco.audiencelabs.com.br\/wp-json\/wp\/v2\/posts\/6743\/revisions\/6746"}],"wp:featuredmedia":[{"embeddable":true,"href":"https:\/\/diariodepernambuco.audiencelabs.com.br\/wp-json\/wp\/v2\/media\/6744"}],"wp:attachment":[{"href":"https:\/\/diariodepernambuco.audiencelabs.com.br\/wp-json\/wp\/v2\/media?parent=6743"}],"wp:term":[{"taxonomy":"category","embeddable":true,"href":"https:\/\/diariodepernambuco.audiencelabs.com.br\/wp-json\/wp\/v2\/categories?post=6743"},{"taxonomy":"post_tag","embeddable":true,"href":"https:\/\/diariodepernambuco.audiencelabs.com.br\/wp-json\/wp\/v2\/tags?post=6743"}],"curies":[{"name":"wp","href":"https:\/\/api.w.org\/{rel}","templated":true}]}}