{"id":6749,"date":"2025-10-21T11:13:12","date_gmt":"2025-10-21T14:13:12","guid":{"rendered":"https:\/\/diariodepernambuco.audiencelabs.com.br\/?p=6749"},"modified":"2025-10-21T11:13:16","modified_gmt":"2025-10-21T14:13:16","slug":"posso-andar-com-4-passageiros-na-uber-o-que-dizem-as-regras","status":"publish","type":"post","link":"https:\/\/diariodepernambuco.audiencelabs.com.br\/posso-andar-com-4-passageiros-na-uber-o-que-dizem-as-regras\/","title":{"rendered":"Posso andar com 4 passageiros na Uber? O que dizem as regras?"},"content":{"rendered":"\n<p>Muitos usu\u00e1rios t\u00eam a mesma d\u00favida: a Uber permite viajar com quatro passageiros ou o limite \u00e9 tr\u00eas? Embora pare\u00e7a simples, a quest\u00e3o ainda gera confus\u00e3o. Segundo as diretrizes mais recentes, a plataforma autoriza at\u00e9 quatro pessoas nos carros do tipo UberX \u2014 uma no banco da frente e tr\u00eas no banco de tr\u00e1s.<\/p>\n\n\n\n<p>Apesar disso, na pr\u00e1tica, nem todos os motoristas aceitam transportar quatro passageiros. Muitos preferem manter apenas tr\u00eas ocupantes, principalmente por quest\u00f5es de conforto, seguran\u00e7a e at\u00e9 experi\u00eancias anteriores com viagens lotadas.<\/p>\n\n\n\n<p>Al\u00e9m disso, durante a pandemia, a Uber chegou a restringir o uso do banco dianteiro, o que contribuiu para a confus\u00e3o sobre o n\u00famero m\u00e1ximo de passageiros. Atualmente, a empresa refor\u00e7a que o limite depende do tipo de categoria escolhida no aplicativo.<\/p>\n\n\n\n<p>Enquanto o UberX permite at\u00e9 quatro pessoas, o UberXL comporta at\u00e9 seis passageiros, por ser destinado a ve\u00edculos maiores. J\u00e1 em corridas compartilhadas, como o Uber Juntos, a quantidade de assentos dispon\u00edveis pode variar conforme o trajeto e o n\u00famero de usu\u00e1rios.<\/p>\n\n\n\n<p>\u00c9 importante lembrar que o motorista parceiro tem autonomia para recusar a corrida caso perceba que o n\u00famero de passageiros excede a capacidade do ve\u00edculo ou compromete a seguran\u00e7a. A Uber orienta que todos os ocupantes usem o cinto de seguran\u00e7a e que o transporte de mais pessoas do que o permitido pelas regras de tr\u00e2nsito \u00e9 proibido.<\/p>\n\n\n\n<p>Antes de solicitar uma viagem com quatro pessoas, o ideal \u00e9 verificar a categoria escolhida e confirmar com o motorista se o transporte \u00e9 poss\u00edvel. Isso ajuda a evitar cancelamentos e desconfortos. Em caso de d\u00favida, o aplicativo da Uber traz informa\u00e7\u00f5es atualizadas sobre limites e boas pr\u00e1ticas para uma viagem segura.<\/p>\n\n\n\n<p><\/p>\n","protected":false},"excerpt":{"rendered":"<p>Muitos usu\u00e1rios t\u00eam a mesma d\u00favida: a Uber permite viajar com quatro passageiros ou o limite \u00e9 tr\u00eas? Embora pare\u00e7a simples, a quest\u00e3o ainda gera confus\u00e3o. Segundo as diretrizes mais recentes, a plataforma autoriza at\u00e9 quatro pessoas nos carros do tipo UberX \u2014 uma no banco da frente e tr\u00eas no banco de tr\u00e1s. Apesar [&hellip;]<\/p>\n","protected":false},"author":4,"featured_media":6750,"comment_status":"open","ping_status":"open","sticky":false,"template":"","format":"standard","meta":{"jnews-multi-image_gallery":[],"jnews_single_post":{"format":"standard"},"jnews_primary_category":[],"jnews_social_meta":[],"jnews_post_split":[],"footnotes":""},"categories":[1],"tags":[],"class_list":["post-6749","post","type-post","status-publish","format-standard","has-post-thumbnail","hentry","category-uncategorized"],"_links":{"self":[{"href":"https:\/\/diariodepernambuco.audiencelabs.com.br\/wp-json\/wp\/v2\/posts\/6749","targetHints":{"allow":["GET"]}}],"collection":[{"href":"https:\/\/diariodepernambuco.audiencelabs.com.br\/wp-json\/wp\/v2\/posts"}],"about":[{"href":"https:\/\/diariodepernambuco.audiencelabs.com.br\/wp-json\/wp\/v2\/types\/post"}],"author":[{"embeddable":true,"href":"https:\/\/diariodepernambuco.audiencelabs.com.br\/wp-json\/wp\/v2\/users\/4"}],"replies":[{"embeddable":true,"href":"https:\/\/diariodepernambuco.audiencelabs.com.br\/wp-json\/wp\/v2\/comments?post=6749"}],"version-history":[{"count":2,"href":"https:\/\/diariodepernambuco.audiencelabs.com.br\/wp-json\/wp\/v2\/posts\/6749\/revisions"}],"predecessor-version":[{"id":9968,"href":"https:\/\/diariodepernambuco.audiencelabs.com.br\/wp-json\/wp\/v2\/posts\/6749\/revisions\/9968"}],"wp:featuredmedia":[{"embeddable":true,"href":"https:\/\/diariodepernambuco.audiencelabs.com.br\/wp-json\/wp\/v2\/media\/6750"}],"wp:attachment":[{"href":"https:\/\/diariodepernambuco.audiencelabs.com.br\/wp-json\/wp\/v2\/media?parent=6749"}],"wp:term":[{"taxonomy":"category","embeddable":true,"href":"https:\/\/diariodepernambuco.audiencelabs.com.br\/wp-json\/wp\/v2\/categories?post=6749"},{"taxonomy":"post_tag","embeddable":true,"href":"https:\/\/diariodepernambuco.audiencelabs.com.br\/wp-json\/wp\/v2\/tags?post=6749"}],"curies":[{"name":"wp","href":"https:\/\/api.w.org\/{rel}","templated":true}]}}