{"id":6769,"date":"2025-10-22T11:30:00","date_gmt":"2025-10-22T14:30:00","guid":{"rendered":"https:\/\/diariodepernambuco.audiencelabs.com.br\/?p=6769"},"modified":"2025-10-21T12:51:11","modified_gmt":"2025-10-21T15:51:11","slug":"carro-eletrico-super-barato-chega-para-desbancar-byd","status":"publish","type":"post","link":"https:\/\/diariodepernambuco.audiencelabs.com.br\/carro-eletrico-super-barato-chega-para-desbancar-byd\/","title":{"rendered":"Carro el\u00e9trico super barato chega para desbancar BYD"},"content":{"rendered":"\n<p>A Geely trouxe ao Brasil o primeiro lote do hatch EX2, seu novo lan\u00e7amento no mercado nacional. Segundo carro el\u00e9trico mais vendido da China em 2025 \u2014 atr\u00e1s apenas do Tesla Model Y \u2014 o modelo estreia em novembro nas concession\u00e1rias da marca, que agora conta com o suporte da rede Renault.<\/p>\n\n\n\n<p>Conhecido como Xingyuan na China, o EX2 se tornou um verdadeiro sucesso de vendas em 2025, superando o BYD Dolphin Mini, atual l\u00edder entre os el\u00e9tricos no Brasil. At\u00e9 setembro, o hatch j\u00e1 acumulava mais de 300 mil unidades emplacadas no mercado chin\u00eas, consolidando-se como um dos principais destaques do segmento.<\/p>\n\n\n\n<p>Com 4,13 metros de comprimento e 2,65 metros de entre-eixos, o Geely EX2 tem dimens\u00f5es pr\u00f3ximas \u00e0s do BYD Dolphin. Na China, parte de 69.800 yuans (cerca de R$ 53 mil) e \u00e9 oferecido em duas vers\u00f5es: a de entrada, com 79 cv e autonomia de at\u00e9 310 km, e a topo de linha, com 116 cv e alcance de at\u00e9 410 km no ciclo chin\u00eas CLTC.<\/p>\n\n\n\n<p>O Geely EX2 utiliza a plataforma SEA (Sustainable Experience Architecture), a mesma do SUV EX5 e do Volvo EX30, ambos do grupo Geely. Essa base garante ao hatch boa tecnologia e efici\u00eancia. O interior surpreende pelo espa\u00e7o interno e pelo painel moderno, com uma tela central de 14,6 polegadas em destaque.<\/p>\n\n\n\n<h2 class=\"wp-block-heading\">Pre\u00e7o e recarga do EX2<\/h2>\n\n\n\n<p>No mercado chin\u00eas, o Geely EX2 se destaca pelo excelente custo-benef\u00edcio, com pre\u00e7o inicial equivalente a cerca de R$ 53 mil na convers\u00e3o direta. A expectativa \u00e9 que, ao chegar ao Brasil, o modelo custe bem menos que rivais como o BYD Dolphin, posicionando-se como uma das op\u00e7\u00f5es el\u00e9tricas mais acess\u00edveis do pa\u00eds.<\/p>\n\n\n\n<p>Em rela\u00e7\u00e3o \u00e0 recarga, o EX2 oferece compatibilidade com carregadores r\u00e1pidos, podendo atingir 80% da carga em aproximadamente 30 minutos. No modo residencial, o tempo total de recarregamento varia conforme a tomada e o tipo de carregador utilizado. A Geely promete ainda uma rede de assist\u00eancia t\u00e9cnica integrada com a Renault, o que deve facilitar o suporte e o acesso a pontos de recarga.<\/p>\n\n\n\n<p><\/p>\n","protected":false},"excerpt":{"rendered":"<p>A Geely trouxe ao Brasil o primeiro lote do hatch EX2, seu novo lan\u00e7amento no mercado nacional. Segundo carro el\u00e9trico mais vendido da China em 2025 \u2014 atr\u00e1s apenas do Tesla Model Y \u2014 o modelo estreia em novembro nas concession\u00e1rias da marca, que agora conta com o suporte da rede Renault. Conhecido como Xingyuan [&hellip;]<\/p>\n","protected":false},"author":4,"featured_media":6772,"comment_status":"open","ping_status":"open","sticky":false,"template":"","format":"standard","meta":{"jnews-multi-image_gallery":[],"jnews_single_post":{"format":"standard"},"jnews_primary_category":[],"jnews_social_meta":[],"jnews_post_split":[],"footnotes":""},"categories":[1],"tags":[],"class_list":["post-6769","post","type-post","status-publish","format-standard","has-post-thumbnail","hentry","category-uncategorized"],"_links":{"self":[{"href":"https:\/\/diariodepernambuco.audiencelabs.com.br\/wp-json\/wp\/v2\/posts\/6769","targetHints":{"allow":["GET"]}}],"collection":[{"href":"https:\/\/diariodepernambuco.audiencelabs.com.br\/wp-json\/wp\/v2\/posts"}],"about":[{"href":"https:\/\/diariodepernambuco.audiencelabs.com.br\/wp-json\/wp\/v2\/types\/post"}],"author":[{"embeddable":true,"href":"https:\/\/diariodepernambuco.audiencelabs.com.br\/wp-json\/wp\/v2\/users\/4"}],"replies":[{"embeddable":true,"href":"https:\/\/diariodepernambuco.audiencelabs.com.br\/wp-json\/wp\/v2\/comments?post=6769"}],"version-history":[{"count":2,"href":"https:\/\/diariodepernambuco.audiencelabs.com.br\/wp-json\/wp\/v2\/posts\/6769\/revisions"}],"predecessor-version":[{"id":6773,"href":"https:\/\/diariodepernambuco.audiencelabs.com.br\/wp-json\/wp\/v2\/posts\/6769\/revisions\/6773"}],"wp:featuredmedia":[{"embeddable":true,"href":"https:\/\/diariodepernambuco.audiencelabs.com.br\/wp-json\/wp\/v2\/media\/6772"}],"wp:attachment":[{"href":"https:\/\/diariodepernambuco.audiencelabs.com.br\/wp-json\/wp\/v2\/media?parent=6769"}],"wp:term":[{"taxonomy":"category","embeddable":true,"href":"https:\/\/diariodepernambuco.audiencelabs.com.br\/wp-json\/wp\/v2\/categories?post=6769"},{"taxonomy":"post_tag","embeddable":true,"href":"https:\/\/diariodepernambuco.audiencelabs.com.br\/wp-json\/wp\/v2\/tags?post=6769"}],"curies":[{"name":"wp","href":"https:\/\/api.w.org\/{rel}","templated":true}]}}