{"id":6780,"date":"2025-10-22T13:00:00","date_gmt":"2025-10-22T16:00:00","guid":{"rendered":"https:\/\/diariodepernambuco.audiencelabs.com.br\/?p=6780"},"modified":"2025-10-21T13:12:07","modified_gmt":"2025-10-21T16:12:07","slug":"eike-batista-mora-em-mansao-super-luxuosa-no-rio-de-janeiro","status":"publish","type":"post","link":"https:\/\/diariodepernambuco.audiencelabs.com.br\/eike-batista-mora-em-mansao-super-luxuosa-no-rio-de-janeiro\/","title":{"rendered":"Eike Batista mora em mans\u00e3o super luxuosa no Rio de Janeiro"},"content":{"rendered":"\n<p>Eike Batista, ex-bilion\u00e1rio e empres\u00e1rio brasileiro, atualmente mora em uma mans\u00e3o de luxo no Jardim Bot\u00e2nico, na Zona Sul do Rio de Janeiro, avaliada em cerca de R$ 20 milh\u00f5es. A resid\u00eancia evidencia seu estilo de vida extravagante, com decora\u00e7\u00e3o cl\u00e1ssica, m\u00f3veis de alto padr\u00e3o e uma cole\u00e7\u00e3o de carros de luxo.<\/p>\n\n\n\n<p>A propriedade se destaca tamb\u00e9m pela localiza\u00e7\u00e3o privilegiada, com vista para o Cristo Redentor e proximidade de \u00e1reas verdes, oferecendo um ambiente tranquilo e exclusivo. Apesar de ser uma das mans\u00f5es mais caras da cidade, o im\u00f3vel enfrenta desafios financeiros, refletindo as dificuldades recentes do empres\u00e1rio.<\/p>\n\n\n<div class=\"wp-block-image\">\n<figure class=\"aligncenter size-large is-resized\"><img loading=\"lazy\" decoding=\"async\" width=\"1024\" height=\"615\" src=\"https:\/\/diariodepernambuco.audiencelabs.com.br\/wp-content\/uploads\/2025\/10\/Eike-1024x615.jpg\" alt=\"\" class=\"wp-image-6786\" style=\"width:646px;height:auto\" srcset=\"https:\/\/diariodepernambuco.audiencelabs.com.br\/wp-content\/uploads\/2025\/10\/Eike-1024x615.jpg 1024w, https:\/\/diariodepernambuco.audiencelabs.com.br\/wp-content\/uploads\/2025\/10\/Eike-300x180.jpg 300w, https:\/\/diariodepernambuco.audiencelabs.com.br\/wp-content\/uploads\/2025\/10\/Eike-768x461.jpg 768w, https:\/\/diariodepernambuco.audiencelabs.com.br\/wp-content\/uploads\/2025\/10\/Eike-750x450.jpg 750w, https:\/\/diariodepernambuco.audiencelabs.com.br\/wp-content\/uploads\/2025\/10\/Eike.jpg 1086w\" sizes=\"auto, (max-width: 1024px) 100vw, 1024px\" \/><figcaption class=\"wp-element-caption\">O empres\u00e1rio Eike Batista em sua casa. Foto: Paulo Vitale \/ Veja<\/figcaption><\/figure>\n<\/div>\n\n\n<p>Em 2022, a mans\u00e3o foi colocada \u00e0 venda em um leil\u00e3o judicial, com valor inicial de R$ 10 milh\u00f5es, como forma de liquidar bens do empres\u00e1rio em meio a processos de fal\u00eancia ligados ao seu imp\u00e9rio. Mesmo assim, a propriedade continua sendo um s\u00edmbolo do auge e da queda de Eike Batista, refletindo tanto seu sucesso quanto as dificuldades financeiras que enfrentou nos \u00faltimos anos.<\/p>\n\n\n\n<p>No in\u00edcio da d\u00e9cada de 2010, Eike Batista era considerado o homem mais rico do Brasil e o s\u00e9timo do mundo. No entanto, seu imp\u00e9rio desmoronou rapidamente, e ele chegou a ser preso duas vezes por corrup\u00e7\u00e3o e lavagem de dinheiro, em casos que envolveram o pagamento de propina ao ex-governador do Rio de Janeiro, S\u00e9rgio Cabral.<\/p>\n\n\n\n<p>Enquanto recorre da condena\u00e7\u00e3o de 30 anos de pris\u00e3o, o ex-bilion\u00e1rio busca recuperar seu patrim\u00f4nio e prest\u00edgio oferecendo palestras e cursos de R$ 50 mil por aula. Em entrevista no ano passado, ele afirmou estar investindo no setor de energia, com foco na cana-de-a\u00e7\u00facar.<\/p>\n\n\n\n<p><\/p>\n","protected":false},"excerpt":{"rendered":"<p>Eike Batista, ex-bilion\u00e1rio e empres\u00e1rio brasileiro, atualmente mora em uma mans\u00e3o de luxo no Jardim Bot\u00e2nico, na Zona Sul do Rio de Janeiro, avaliada em cerca de R$ 20 milh\u00f5es. A resid\u00eancia evidencia seu estilo de vida extravagante, com decora\u00e7\u00e3o cl\u00e1ssica, m\u00f3veis de alto padr\u00e3o e uma cole\u00e7\u00e3o de carros de luxo. A propriedade se [&hellip;]<\/p>\n","protected":false},"author":4,"featured_media":6783,"comment_status":"open","ping_status":"open","sticky":false,"template":"","format":"standard","meta":{"jnews-multi-image_gallery":[],"jnews_single_post":{"format":"standard"},"jnews_primary_category":[],"jnews_social_meta":[],"jnews_post_split":[],"footnotes":""},"categories":[1],"tags":[],"class_list":["post-6780","post","type-post","status-publish","format-standard","has-post-thumbnail","hentry","category-uncategorized"],"_links":{"self":[{"href":"https:\/\/diariodepernambuco.audiencelabs.com.br\/wp-json\/wp\/v2\/posts\/6780","targetHints":{"allow":["GET"]}}],"collection":[{"href":"https:\/\/diariodepernambuco.audiencelabs.com.br\/wp-json\/wp\/v2\/posts"}],"about":[{"href":"https:\/\/diariodepernambuco.audiencelabs.com.br\/wp-json\/wp\/v2\/types\/post"}],"author":[{"embeddable":true,"href":"https:\/\/diariodepernambuco.audiencelabs.com.br\/wp-json\/wp\/v2\/users\/4"}],"replies":[{"embeddable":true,"href":"https:\/\/diariodepernambuco.audiencelabs.com.br\/wp-json\/wp\/v2\/comments?post=6780"}],"version-history":[{"count":3,"href":"https:\/\/diariodepernambuco.audiencelabs.com.br\/wp-json\/wp\/v2\/posts\/6780\/revisions"}],"predecessor-version":[{"id":6788,"href":"https:\/\/diariodepernambuco.audiencelabs.com.br\/wp-json\/wp\/v2\/posts\/6780\/revisions\/6788"}],"wp:featuredmedia":[{"embeddable":true,"href":"https:\/\/diariodepernambuco.audiencelabs.com.br\/wp-json\/wp\/v2\/media\/6783"}],"wp:attachment":[{"href":"https:\/\/diariodepernambuco.audiencelabs.com.br\/wp-json\/wp\/v2\/media?parent=6780"}],"wp:term":[{"taxonomy":"category","embeddable":true,"href":"https:\/\/diariodepernambuco.audiencelabs.com.br\/wp-json\/wp\/v2\/categories?post=6780"},{"taxonomy":"post_tag","embeddable":true,"href":"https:\/\/diariodepernambuco.audiencelabs.com.br\/wp-json\/wp\/v2\/tags?post=6780"}],"curies":[{"name":"wp","href":"https:\/\/api.w.org\/{rel}","templated":true}]}}