{"id":6797,"date":"2025-10-22T15:00:00","date_gmt":"2025-10-22T18:00:00","guid":{"rendered":"https:\/\/diariodepernambuco.audiencelabs.com.br\/?p=6797"},"modified":"2025-10-21T13:53:54","modified_gmt":"2025-10-21T16:53:54","slug":"bolsa-familia-confirma-aumento-no-valor-para-o-mes-de-novembro","status":"publish","type":"post","link":"https:\/\/diariodepernambuco.audiencelabs.com.br\/bolsa-familia-confirma-aumento-no-valor-para-o-mes-de-novembro\/","title":{"rendered":"Bolsa Fam\u00edlia confirma aumento no valor para o m\u00eas de novembro"},"content":{"rendered":"\n<p>O Governo Federal informou que o programa Bolsa Fam\u00edlia ter\u00e1 reajustes nos pagamentos a partir de novembro de 2025, fortalecendo o apoio \u00e0s fam\u00edlias de baixa renda. A medida vem junto com a implanta\u00e7\u00e3o do programa \u201cG\u00e1s do Povo\u201d, que substitui o antigo Aux\u00edlio G\u00e1s e garante que os recursos sejam usados exclusivamente na compra de botij\u00f5es de g\u00e1s de 13 kg.<\/p>\n\n\n\n<p>A iniciativa, liderada pelo governo do presidente Luiz In\u00e1cio Lula da Silva, busca atender \u00e0s necessidades da popula\u00e7\u00e3o mais vulner\u00e1vel, especialmente diante do aumento do custo de vida e da import\u00e2ncia de garantir transpar\u00eancia na utiliza\u00e7\u00e3o dos benef\u00edcios sociais.<\/p>\n\n\n\n<p>Enquanto o antigo Aux\u00edlio G\u00e1s fornecia um valor fixo de R$ 108 a cada dois meses, que podia ser usado pelas fam\u00edlias para diferentes fins, o novo G\u00e1s do Povo ser\u00e1 disponibilizado na forma de voucher digital, destinado exclusivamente \u00e0 compra de botij\u00f5es de g\u00e1s de 13 kg.<\/p>\n\n\n\n<p>Essa mudan\u00e7a \u00e9 estrat\u00e9gica. O voucher assegura que o benef\u00edcio seja usado exclusivamente para a compra de g\u00e1s de cozinha, cumprindo seu objetivo de aliviar os gastos das fam\u00edlias de baixa renda. Al\u00e9m disso, o valor do benef\u00edcio ser\u00e1 ajustado conforme a varia\u00e7\u00e3o do mercado, acompanhando as flutua\u00e7\u00f5es do pre\u00e7o do g\u00e1s em cada estado.<\/p>\n\n\n\n<h2 class=\"wp-block-heading\">Quem ser\u00e1 beneficiado pelo G\u00e1s do Povo<\/h2>\n\n\n\n<p>O programa G\u00e1s do Povo ser\u00e1 destinado principalmente \u00e0s fam\u00edlias de baixa renda, que se enquadram nos crit\u00e9rios do Bolsa Fam\u00edlia ou de programas sociais similares. O benef\u00edcio tem como foco garantir que o custo do g\u00e1s de cozinha n\u00e3o pese no or\u00e7amento dessas fam\u00edlias, sendo entregue na forma de voucher digital exclusivo para a compra de botij\u00f5es de 13 kg.<\/p>\n\n\n\n<p>Al\u00e9m disso, o programa deve priorizar quem j\u00e1 recebe benef\u00edcios sociais do governo federal, como idosos, pessoas com defici\u00eancia e fam\u00edlias em situa\u00e7\u00e3o de vulnerabilidade, assegurando que os recursos cheguem a quem mais precisa.<\/p>\n\n\n\n<p><\/p>\n","protected":false},"excerpt":{"rendered":"<p>O Governo Federal informou que o programa Bolsa Fam\u00edlia ter\u00e1 reajustes nos pagamentos a partir de novembro de 2025, fortalecendo o apoio \u00e0s fam\u00edlias de baixa renda. A medida vem junto com a implanta\u00e7\u00e3o do programa \u201cG\u00e1s do Povo\u201d, que substitui o antigo Aux\u00edlio G\u00e1s e garante que os recursos sejam usados exclusivamente na compra [&hellip;]<\/p>\n","protected":false},"author":4,"featured_media":1672,"comment_status":"open","ping_status":"open","sticky":false,"template":"","format":"standard","meta":{"jnews-multi-image_gallery":[],"jnews_single_post":{"format":"standard"},"jnews_primary_category":[],"jnews_social_meta":[],"jnews_post_split":[],"footnotes":""},"categories":[1],"tags":[],"class_list":["post-6797","post","type-post","status-publish","format-standard","has-post-thumbnail","hentry","category-uncategorized"],"_links":{"self":[{"href":"https:\/\/diariodepernambuco.audiencelabs.com.br\/wp-json\/wp\/v2\/posts\/6797","targetHints":{"allow":["GET"]}}],"collection":[{"href":"https:\/\/diariodepernambuco.audiencelabs.com.br\/wp-json\/wp\/v2\/posts"}],"about":[{"href":"https:\/\/diariodepernambuco.audiencelabs.com.br\/wp-json\/wp\/v2\/types\/post"}],"author":[{"embeddable":true,"href":"https:\/\/diariodepernambuco.audiencelabs.com.br\/wp-json\/wp\/v2\/users\/4"}],"replies":[{"embeddable":true,"href":"https:\/\/diariodepernambuco.audiencelabs.com.br\/wp-json\/wp\/v2\/comments?post=6797"}],"version-history":[{"count":2,"href":"https:\/\/diariodepernambuco.audiencelabs.com.br\/wp-json\/wp\/v2\/posts\/6797\/revisions"}],"predecessor-version":[{"id":6799,"href":"https:\/\/diariodepernambuco.audiencelabs.com.br\/wp-json\/wp\/v2\/posts\/6797\/revisions\/6799"}],"wp:featuredmedia":[{"embeddable":true,"href":"https:\/\/diariodepernambuco.audiencelabs.com.br\/wp-json\/wp\/v2\/media\/1672"}],"wp:attachment":[{"href":"https:\/\/diariodepernambuco.audiencelabs.com.br\/wp-json\/wp\/v2\/media?parent=6797"}],"wp:term":[{"taxonomy":"category","embeddable":true,"href":"https:\/\/diariodepernambuco.audiencelabs.com.br\/wp-json\/wp\/v2\/categories?post=6797"},{"taxonomy":"post_tag","embeddable":true,"href":"https:\/\/diariodepernambuco.audiencelabs.com.br\/wp-json\/wp\/v2\/tags?post=6797"}],"curies":[{"name":"wp","href":"https:\/\/api.w.org\/{rel}","templated":true}]}}