{"id":6838,"date":"2025-10-25T13:00:00","date_gmt":"2025-10-25T16:00:00","guid":{"rendered":"https:\/\/diariodepernambuco.audiencelabs.com.br\/?p=6838"},"modified":"2025-10-21T20:11:23","modified_gmt":"2025-10-21T23:11:23","slug":"caixa-liberou-pagamento-de-r-1-518-para-varios-brasileiros","status":"publish","type":"post","link":"https:\/\/diariodepernambuco.audiencelabs.com.br\/caixa-liberou-pagamento-de-r-1-518-para-varios-brasileiros\/","title":{"rendered":"Caixa liberou pagamento de R$ 1.518 para v\u00e1rios brasileiros"},"content":{"rendered":"\n<p>Milhares de trabalhadores come\u00e7aram a receber uma boa not\u00edcia nesta semana. A Caixa Econ\u00f4mica Federal e o Banco do Brasil iniciaram o pagamento de um novo lote do Abono Salarial PIS\/Pasep 2025, com valores de at\u00e9 R$ 1.518 j\u00e1 dispon\u00edveis para saque ou movimenta\u00e7\u00e3o pelo aplicativo Caixa Tem.<\/p>\n\n\n\n<p>O pagamento contempla trabalhadores da iniciativa privada e servidores p\u00fablicos que tiveram seus dados regularizados no eSocial, RAIS ou eSocial Dom\u00e9stico at\u00e9 junho de 2025, ap\u00f3s terem ficado fora do calend\u00e1rio regular encerrado em agosto. Com as corre\u00e7\u00f5es feitas, o sistema do Minist\u00e9rio do Trabalho e Emprego (MTE) liberou o benef\u00edcio para todos os finais de CPF, de 0 a 9.<\/p>\n\n\n\n<p>O valor m\u00e1ximo do abono salarial \u00e9 equivalente ao sal\u00e1rio m\u00ednimo de 2025, fixado em R$ 1.518. O montante \u00e9 calculado de forma proporcional ao tempo de trabalho com registro formal durante o ano de 2023. Assim, quem trabalhou os 12 meses recebe o valor integral, enquanto aqueles que tiveram v\u00ednculo por um per\u00edodo menor recebem um valor proporcional aos meses trabalhados.<\/p>\n\n\n\n<p>A forma de recebimento do PIS\/Pasep varia conforme o tipo de v\u00ednculo do trabalhador. No caso dos empregados da iniciativa privada (PIS), o pagamento \u00e9 realizado pela Caixa Econ\u00f4mica Federal, com dep\u00f3sito autom\u00e1tico na conta poupan\u00e7a social digital acess\u00edvel pelo aplicativo Caixa Tem, onde o valor pode ser movimentado diretamente.<\/p>\n\n\n\n<p>J\u00e1 os servidores p\u00fablicos (Pasep) recebem o benef\u00edcio por meio do Banco do Brasil. O prazo para saque desse novo lote vai at\u00e9 29 de dezembro de 2025. Ap\u00f3s essa data, os valores n\u00e3o sacados retornam ao Tesouro Nacional, e a recupera\u00e7\u00e3o s\u00f3 poder\u00e1 ser feita mediante pedido administrativo ao Minist\u00e9rio do Trabalho e Emprego (MTE), processo que tende a ser mais demorado.<\/p>\n\n\n\n<p><\/p>\n","protected":false},"excerpt":{"rendered":"<p>Milhares de trabalhadores come\u00e7aram a receber uma boa not\u00edcia nesta semana. A Caixa Econ\u00f4mica Federal e o Banco do Brasil iniciaram o pagamento de um novo lote do Abono Salarial PIS\/Pasep 2025, com valores de at\u00e9 R$ 1.518 j\u00e1 dispon\u00edveis para saque ou movimenta\u00e7\u00e3o pelo aplicativo Caixa Tem. O pagamento contempla trabalhadores da iniciativa privada [&hellip;]<\/p>\n","protected":false},"author":4,"featured_media":3391,"comment_status":"open","ping_status":"open","sticky":false,"template":"","format":"standard","meta":{"jnews-multi-image_gallery":[],"jnews_single_post":{"format":"standard"},"jnews_primary_category":[],"jnews_social_meta":[],"jnews_post_split":[],"footnotes":""},"categories":[1],"tags":[],"class_list":["post-6838","post","type-post","status-publish","format-standard","has-post-thumbnail","hentry","category-uncategorized"],"_links":{"self":[{"href":"https:\/\/diariodepernambuco.audiencelabs.com.br\/wp-json\/wp\/v2\/posts\/6838","targetHints":{"allow":["GET"]}}],"collection":[{"href":"https:\/\/diariodepernambuco.audiencelabs.com.br\/wp-json\/wp\/v2\/posts"}],"about":[{"href":"https:\/\/diariodepernambuco.audiencelabs.com.br\/wp-json\/wp\/v2\/types\/post"}],"author":[{"embeddable":true,"href":"https:\/\/diariodepernambuco.audiencelabs.com.br\/wp-json\/wp\/v2\/users\/4"}],"replies":[{"embeddable":true,"href":"https:\/\/diariodepernambuco.audiencelabs.com.br\/wp-json\/wp\/v2\/comments?post=6838"}],"version-history":[{"count":2,"href":"https:\/\/diariodepernambuco.audiencelabs.com.br\/wp-json\/wp\/v2\/posts\/6838\/revisions"}],"predecessor-version":[{"id":6840,"href":"https:\/\/diariodepernambuco.audiencelabs.com.br\/wp-json\/wp\/v2\/posts\/6838\/revisions\/6840"}],"wp:featuredmedia":[{"embeddable":true,"href":"https:\/\/diariodepernambuco.audiencelabs.com.br\/wp-json\/wp\/v2\/media\/3391"}],"wp:attachment":[{"href":"https:\/\/diariodepernambuco.audiencelabs.com.br\/wp-json\/wp\/v2\/media?parent=6838"}],"wp:term":[{"taxonomy":"category","embeddable":true,"href":"https:\/\/diariodepernambuco.audiencelabs.com.br\/wp-json\/wp\/v2\/categories?post=6838"},{"taxonomy":"post_tag","embeddable":true,"href":"https:\/\/diariodepernambuco.audiencelabs.com.br\/wp-json\/wp\/v2\/tags?post=6838"}],"curies":[{"name":"wp","href":"https:\/\/api.w.org\/{rel}","templated":true}]}}